{"id":994,"date":"2024-08-28T20:10:39","date_gmt":"2024-08-28T20:10:39","guid":{"rendered":"http:\/\/www.tuzologia.net\/?p=994"},"modified":"2024-08-28T20:10:41","modified_gmt":"2024-08-28T20:10:41","slug":"armando-martinez-la-plantilla-esta-cerrada","status":"publish","type":"post","link":"http:\/\/www.tuzologia.net\/?p=994","title":{"rendered":"Armando Mart\u00ednez: \u00abLa plantilla est\u00e1 cerrada\u00bb"},"content":{"rendered":"<p>Nota e imagen: Eduardo H.<\/p>\n<div class=\"jetpack-video-wrapper\"><iframe loading=\"lazy\" title=\"Armando Mart\u00ednez: &quot;La plantilla est\u00e1 cerrada&quot;.\" width=\"640\" height=\"360\" src=\"https:\/\/www.youtube.com\/embed\/R-tCXrbyIqg?feature=oembed\" frameborder=\"0\" allow=\"accelerometer; autoplay; clipboard-write; encrypted-media; gyroscope; picture-in-picture; web-share\" referrerpolicy=\"strict-origin-when-cross-origin\" allowfullscreen><\/iframe><\/div>\n<p>\u201cLa plantilla est\u00e1 cerrada\u201d fueron las palabras del Presidente Armando Mart\u00ednez, quien atendi\u00f3 a los medios de comunicaci\u00f3n en la universidad del f\u00fatbol, descartando cualquier otra llegada o salida en este mercado de verano, sobre todo ante la especulaci\u00f3n de la prensa regiomontana que hablaban de un posible fichaje de Idrissi a Rayados. <\/p>\n<p>\u201cEl objetivo era mantener el 90% de la plantilla y creo que lo cumplimos. Se qued\u00f3 la columna vertebral y Ossi es un jugadorazo que est\u00e1 comprometido por el equipo. Claro que hubieron ofrecimientos por \u00e9l, pero pudimos aguantar y \u00e9l fue muy importante para seguir en la instituci\u00f3n\u201d, expres\u00f3 Mart\u00ednez. <\/p>\n<p>Dentro del tema de llegadas y salidas, el directivo blanquiazul, profundiz\u00f3 sobre la partida del profesor Rubens Valenzuela, quien dej\u00f3 vacante el puesto durante las primeras semanas del Apertura 2024. \u201cEl Profesor Rubens Valenzuela es un profesional y muy bueno en lo que hace. S\u00f3lo tenemos agradecimiento para \u00e9l. \u00c9l tom\u00f3 la decisi\u00f3n, fue algo unilateral, no s\u00e9 que pas\u00f3 por \u00e9l, pero ahora tenemos chavos que trabajaban con \u00e9l, egresados de la Universidad del f\u00fatbol con mucha capacidad. Est\u00e1n llevando muy bien al equipo\u201d, detall\u00f3. <\/p>\n<p>En ese mismo tenor, el presidente Tuzo reconoci\u00f3 con autocr\u00edtica que este arranque de torneo no ha sido bueno, pero conf\u00eda en que el trabajo sacar\u00e1 adelante al equipo rumbo a un semestre que luce bastante retador en el horizonte con el objetivo de hacer buen papel en la Liga MX y en la Copa Intercontinental. \u201cHa sido un inicio dif\u00edcil y tenemos que ser autocr\u00edticos. Hemos tenido partidos buenos, regulares y malos; el \u00faltimo partido no nos gust\u00f3 nada. Incluso antes de las expulsiones, el rival nos estaba superando. Tenemos que meter un poco m\u00e1s y todos estamos ocupados en retomar el camino. Falta mucho torneo y tenemos que mejorar para buscar la calificaci\u00f3n\u201d, a\u00f1adi\u00f3. <\/p>\n<p>Por \u00faltimo, el directivo blanquiazul, revel\u00f3 que el equipo present\u00f3 un recurso para apelar la tarjeta roja de Salom\u00f3n, mismo que no procedi\u00f3 y ahora el equipo asumir\u00e1 el castigo que impondr\u00e1 la comisi\u00f3n disciplinaria. \u201cEs dif\u00edcil interpretar una jugada as\u00ed. Fue la inercia de la jugada y en ning\u00fan momento quise golpear al compa\u00f1ero de profesi\u00f3n y aqu\u00ed intervienen las interpretaciones de los \u00e1rbitros. Podremos no estar de acuerdo, pero respetamos el castigo.\u201d<\/p>\n","protected":false},"excerpt":{"rendered":"<p>Nota e imagen: Eduardo H. \u201cLa plantilla est\u00e1 cerrada\u201d fueron las palabras del Presidente Armando Mart\u00ednez, quien atendi\u00f3 a los medios de comunicaci\u00f3n en la<\/p>\n","protected":false},"author":1,"featured_media":995,"comment_status":"open","ping_status":"open","sticky":false,"template":"","format":"standard","meta":{"_jetpack_memberships_contains_paid_content":false,"footnotes":""},"categories":[7,16],"tags":[],"class_list":["post-994","post","type-post","status-publish","format-standard","has-post-thumbnail","hentry","category-directiva","category-fichajes"],"jetpack_sharing_enabled":true,"jetpack_featured_media_url":"http:\/\/www.tuzologia.net\/wp-content\/uploads\/2024\/08\/Armando-mtz.jpg","_links":{"self":[{"href":"http:\/\/www.tuzologia.net\/index.php?rest_route=\/wp\/v2\/posts\/994","targetHints":{"allow":["GET"]}}],"collection":[{"href":"http:\/\/www.tuzologia.net\/index.php?rest_route=\/wp\/v2\/posts"}],"about":[{"href":"http:\/\/www.tuzologia.net\/index.php?rest_route=\/wp\/v2\/types\/post"}],"author":[{"embeddable":true,"href":"http:\/\/www.tuzologia.net\/index.php?rest_route=\/wp\/v2\/users\/1"}],"replies":[{"embeddable":true,"href":"http:\/\/www.tuzologia.net\/index.php?rest_route=%2Fwp%2Fv2%2Fcomments&post=994"}],"version-history":[{"count":1,"href":"http:\/\/www.tuzologia.net\/index.php?rest_route=\/wp\/v2\/posts\/994\/revisions"}],"predecessor-version":[{"id":996,"href":"http:\/\/www.tuzologia.net\/index.php?rest_route=\/wp\/v2\/posts\/994\/revisions\/996"}],"wp:featuredmedia":[{"embeddable":true,"href":"http:\/\/www.tuzologia.net\/index.php?rest_route=\/wp\/v2\/media\/995"}],"wp:attachment":[{"href":"http:\/\/www.tuzologia.net\/index.php?rest_route=%2Fwp%2Fv2%2Fmedia&parent=994"}],"wp:term":[{"taxonomy":"category","embeddable":true,"href":"http:\/\/www.tuzologia.net\/index.php?rest_route=%2Fwp%2Fv2%2Fcategories&post=994"},{"taxonomy":"post_tag","embeddable":true,"href":"http:\/\/www.tuzologia.net\/index.php?rest_route=%2Fwp%2Fv2%2Ftags&post=994"}],"curies":[{"name":"wp","href":"https:\/\/api.w.org\/{rel}","templated":true}]}}