{"id":991,"date":"2024-08-28T14:42:10","date_gmt":"2024-08-28T14:42:10","guid":{"rendered":"http:\/\/www.tuzologia.net\/?p=991"},"modified":"2024-08-28T14:42:12","modified_gmt":"2024-08-28T14:42:12","slug":"faber-gil-es-el-cuarto-refuerzo-de-los-tuzos","status":"publish","type":"post","link":"http:\/\/www.tuzologia.net\/?p=991","title":{"rendered":"Faber Gil es el cuarto refuerzo de los Tuzos"},"content":{"rendered":"<p>Por: Redacci\u00f3n Tuzologia<\/p>\n<blockquote class=\"twitter-tweet\">\n<p lang=\"es\" dir=\"ltr\">\ud83d\uddbc\ufe0f | Cuando el arte y el futbol se unen, el juego adquiere un significado completamente nuevo&#8230; \u00a1Bienvenido a Pachuca!<a href=\"https:\/\/twitter.com\/hashtag\/PachucaSomosTodos?src=hash&amp;ref_src=twsrc%5Etfw\">#PachucaSomosTodos<\/a>\ud83e\udd0d\ud83d\udc99 | <a href=\"https:\/\/twitter.com\/LigaBBVAMX?ref_src=twsrc%5Etfw\">@LigaBBVAMX<\/a> <a href=\"https:\/\/t.co\/WzmUntl2QQ\">pic.twitter.com\/WzmUntl2QQ<\/a><\/p>\n<p>&mdash; Club Pachuca (@Tuzos) <a href=\"https:\/\/twitter.com\/Tuzos\/status\/1828560733753270295?ref_src=twsrc%5Etfw\">August 27, 2024<\/a><\/p><\/blockquote>\n<p> <script async src=\"https:\/\/platform.twitter.com\/widgets.js\" charset=\"utf-8\"><\/script><\/p>\n<p>La tarde de este martes, los Tuzos del Pachuca le dieron la bienvenida a Faber Gil, quien es el cuarto refuerzo del conjunto blanquiazul. El colombiano llega proveniente del Deportivo Pereira en calidad de pr\u00e9stamo con opci\u00f3n a compra. <\/p>\n<p>El nuevo extremo derecho blanquiazul, tiene 29 a\u00f1os de edad, y pr\u00e1cticamente toda su carrera la ha desempe\u00f1ado en el f\u00fatbol colombiano, salvo por una breve etapa en sus inicios como jugador del \u00c1rabe Unido. Faber comenz\u00f3 como profesional con Envigado, para luego ir cedido a la escuadra paname\u00f1a, regresando a su pa\u00eds en 2019 para enrolarse con Leones FC, club que lo cedi\u00f3 a La equidad y Atl\u00e9tico Huila, donde coincidi\u00f3 con Nelson Deossa.<\/p>\n<p>Su \u00faltima etapa en el f\u00fatbol colombiano comenz\u00f3 a principios de este a\u00f1o en Deportivo Pereira, donde registr\u00f3 3 asistencias y 7 goles en los 25 partidos que registr\u00f3 con el rojo y amarillo, despertando el inter\u00e9s de Atl\u00e9tico Nacional en su pa\u00eds y de los Tuzos, quienes llevaban cierto tiempo d\u00e1ndole seguimiento. <\/p>\n<p>Seg\u00fan se revel\u00f3 en d\u00edas pasados, Gil llega en calidad de cedido con opci\u00f3n a compra y desde ayer ya report\u00f3 en la disciplina blanquiazul para estar disponible cuanto antes para hacer su debut en la Liga MX. <\/p>\n","protected":false},"excerpt":{"rendered":"<p>Por: Redacci\u00f3n Tuzologia \ud83d\uddbc\ufe0f | Cuando el arte y el futbol se unen, el juego adquiere un significado completamente nuevo&#8230; \u00a1Bienvenido a Pachuca!#PachucaSomosTodos\ud83e\udd0d\ud83d\udc99 | @LigaBBVAMX<\/p>\n","protected":false},"author":1,"featured_media":992,"comment_status":"open","ping_status":"open","sticky":false,"template":"","format":"standard","meta":{"_jetpack_memberships_contains_paid_content":false,"footnotes":""},"categories":[1],"tags":[],"class_list":["post-991","post","type-post","status-publish","format-standard","has-post-thumbnail","hentry","category-uncategorized"],"jetpack_sharing_enabled":true,"jetpack_featured_media_url":"http:\/\/www.tuzologia.net\/wp-content\/uploads\/2024\/08\/faber.jpg","_links":{"self":[{"href":"http:\/\/www.tuzologia.net\/index.php?rest_route=\/wp\/v2\/posts\/991","targetHints":{"allow":["GET"]}}],"collection":[{"href":"http:\/\/www.tuzologia.net\/index.php?rest_route=\/wp\/v2\/posts"}],"about":[{"href":"http:\/\/www.tuzologia.net\/index.php?rest_route=\/wp\/v2\/types\/post"}],"author":[{"embeddable":true,"href":"http:\/\/www.tuzologia.net\/index.php?rest_route=\/wp\/v2\/users\/1"}],"replies":[{"embeddable":true,"href":"http:\/\/www.tuzologia.net\/index.php?rest_route=%2Fwp%2Fv2%2Fcomments&post=991"}],"version-history":[{"count":1,"href":"http:\/\/www.tuzologia.net\/index.php?rest_route=\/wp\/v2\/posts\/991\/revisions"}],"predecessor-version":[{"id":993,"href":"http:\/\/www.tuzologia.net\/index.php?rest_route=\/wp\/v2\/posts\/991\/revisions\/993"}],"wp:featuredmedia":[{"embeddable":true,"href":"http:\/\/www.tuzologia.net\/index.php?rest_route=\/wp\/v2\/media\/992"}],"wp:attachment":[{"href":"http:\/\/www.tuzologia.net\/index.php?rest_route=%2Fwp%2Fv2%2Fmedia&parent=991"}],"wp:term":[{"taxonomy":"category","embeddable":true,"href":"http:\/\/www.tuzologia.net\/index.php?rest_route=%2Fwp%2Fv2%2Fcategories&post=991"},{"taxonomy":"post_tag","embeddable":true,"href":"http:\/\/www.tuzologia.net\/index.php?rest_route=%2Fwp%2Fv2%2Ftags&post=991"}],"curies":[{"name":"wp","href":"https:\/\/api.w.org\/{rel}","templated":true}]}}