{"id":969,"date":"2024-08-13T00:40:26","date_gmt":"2024-08-13T00:40:26","guid":{"rendered":"http:\/\/www.tuzologia.net\/?p=969"},"modified":"2024-08-13T00:40:28","modified_gmt":"2024-08-13T00:40:28","slug":"fabiola-ibarra-comprometida-a-aportarle-su-talento-a-las-tuzas","status":"publish","type":"post","link":"http:\/\/www.tuzologia.net\/?p=969","title":{"rendered":"Fabiola Ibarra comprometida a aportarle su talento a las Tuzas"},"content":{"rendered":"<p>Por: Redacci\u00f3n Tuzologia<\/p>\n<blockquote class=\"twitter-tweet\">\n<p lang=\"es\" dir=\"ltr\">\ud83c\udf99\ufe0f| No te pierdas la entrevista de la semana. Hoy platicamos con Fabi Ibarra, aqu\u00ed un adelanto \u270c\ud83c\udffc<\/p>\n<p> <a href=\"https:\/\/twitter.com\/hashtag\/VamosLasTuzas?src=hash&amp;ref_src=twsrc%5Etfw\">#VamosLasTuzas<\/a>\ud83e\udd0d\ud83d\udc99 <a href=\"https:\/\/t.co\/Y8ldMTJDHg\">pic.twitter.com\/Y8ldMTJDHg<\/a><\/p>\n<p>&mdash; Club Pachuca Femenil (@TuzosFemenil) <a href=\"https:\/\/twitter.com\/TuzosFemenil\/status\/1822674743096455322?ref_src=twsrc%5Etfw\">August 11, 2024<\/a><\/p><\/blockquote>\n<p> <script async src=\"https:\/\/platform.twitter.com\/widgets.js\" charset=\"utf-8\"><\/script><\/p>\n<p>La delantera de las Tuzas Fabiola Ibarra, se mostr\u00f3 entusiasta por el buen arranque que ha tenido el equipo, consiguiendo 4 victorias en los primeros 4 encuentros de la temporada. La futbolista mexicana reconoci\u00f3 que el equipo anhela superar lo hecho en el pasado y consagrarse entre los mejores equipos de la Liga MX. \u201cVeo al equipo muy comprometido. Tenemos sensaciones buenas del torneo pasado, y traemos ese chip de querer ganar y conseguir los objetivos. Estamos muy motivadas\u201d. \u2013 agreg\u00f3. <\/p>\n<p>Ibarra ha tenido que adaptarse a las circunstancias, jugando de repente en otras posiciones, a lo que la jugadora nacida en Guadalajara, Jalisco se dice lista para tomar el rol que el cuerpo t\u00e9cnico requiera. \u201cA pesar de que no estoy jugando en mi posici\u00f3n habitual me siento bien en todos los aspectos. Ya le he dicho al profesor que si me necesitan de defensa o de delantera yo me voy a rifar. Soy una jugadora competitiva y creo que por el equipo lo voy a dar todo en la posici\u00f3n que sea\u201d.<\/p>\n<p>En esa misma l\u00ednea la jugadora que porta la casaca \u201820\u2019 reiter\u00f3 su disposici\u00f3n para jugar donde sea requerida, y de paso solt\u00f3 algunos elogios para Charlyn Corral.  \u201cMis cualidades son de ofensiva, pero si se necesita abajo, no tengo tema. Cuando me den la oportunidad voy a dar todo de mi. Aunque a veces no me toca anotar, s\u00e9 que tengo una compa\u00f1era que es la mejor jugadora de la liga y la mejor delantera que ha tenido M\u00e9xico\u201d.<\/p>\n<p>Por \u00faltimo, ibarra fue clara al se\u00f1alar el objetivo que tiene no s\u00f3lo ella, sino tambi\u00e9n el resto del equipo. \u201cVoy a dar mi 100% y el objetivo de todas es ser campeonas. Sentimos que este torneo puede ser el bueno\u201d.<\/p>\n","protected":false},"excerpt":{"rendered":"<p>Por: Redacci\u00f3n Tuzologia \ud83c\udf99\ufe0f| No te pierdas la entrevista de la semana. Hoy platicamos con Fabi Ibarra, aqu\u00ed un adelanto \u270c\ud83c\udffc #VamosLasTuzas\ud83e\udd0d\ud83d\udc99 pic.twitter.com\/Y8ldMTJDHg &mdash; Club<\/p>\n","protected":false},"author":1,"featured_media":970,"comment_status":"open","ping_status":"open","sticky":false,"template":"","format":"standard","meta":{"_jetpack_memberships_contains_paid_content":false,"footnotes":""},"categories":[6],"tags":[],"class_list":["post-969","post","type-post","status-publish","format-standard","has-post-thumbnail","hentry","category-liga-mx-femenil"],"jetpack_sharing_enabled":true,"jetpack_featured_media_url":"http:\/\/www.tuzologia.net\/wp-content\/uploads\/2024\/08\/FAB.jpg","_links":{"self":[{"href":"http:\/\/www.tuzologia.net\/index.php?rest_route=\/wp\/v2\/posts\/969","targetHints":{"allow":["GET"]}}],"collection":[{"href":"http:\/\/www.tuzologia.net\/index.php?rest_route=\/wp\/v2\/posts"}],"about":[{"href":"http:\/\/www.tuzologia.net\/index.php?rest_route=\/wp\/v2\/types\/post"}],"author":[{"embeddable":true,"href":"http:\/\/www.tuzologia.net\/index.php?rest_route=\/wp\/v2\/users\/1"}],"replies":[{"embeddable":true,"href":"http:\/\/www.tuzologia.net\/index.php?rest_route=%2Fwp%2Fv2%2Fcomments&post=969"}],"version-history":[{"count":1,"href":"http:\/\/www.tuzologia.net\/index.php?rest_route=\/wp\/v2\/posts\/969\/revisions"}],"predecessor-version":[{"id":971,"href":"http:\/\/www.tuzologia.net\/index.php?rest_route=\/wp\/v2\/posts\/969\/revisions\/971"}],"wp:featuredmedia":[{"embeddable":true,"href":"http:\/\/www.tuzologia.net\/index.php?rest_route=\/wp\/v2\/media\/970"}],"wp:attachment":[{"href":"http:\/\/www.tuzologia.net\/index.php?rest_route=%2Fwp%2Fv2%2Fmedia&parent=969"}],"wp:term":[{"taxonomy":"category","embeddable":true,"href":"http:\/\/www.tuzologia.net\/index.php?rest_route=%2Fwp%2Fv2%2Fcategories&post=969"},{"taxonomy":"post_tag","embeddable":true,"href":"http:\/\/www.tuzologia.net\/index.php?rest_route=%2Fwp%2Fv2%2Ftags&post=969"}],"curies":[{"name":"wp","href":"https:\/\/api.w.org\/{rel}","templated":true}]}}