{"id":882,"date":"2024-06-22T15:08:05","date_gmt":"2024-06-22T15:08:05","guid":{"rendered":"http:\/\/www.tuzologia.net\/?p=882"},"modified":"2024-06-22T15:08:05","modified_gmt":"2024-06-22T15:08:05","slug":"pachuca-arranca-su-pretemporada-con-un-triunfo-ante-mineros","status":"publish","type":"post","link":"http:\/\/www.tuzologia.net\/?p=882","title":{"rendered":"Pachuca arranca su pretemporada con un triunfo ante Mineros"},"content":{"rendered":"<p>Por: Redacci\u00f3n Tuzologia<br \/>\nFoto: Club Pachuca<\/p>\n<p><iframe loading=\"lazy\" src=\"https:\/\/www.facebook.com\/plugins\/video.php?height=314&#038;href=https%3A%2F%2Fwww.facebook.com%2FTuzologia%2Fvideos%2F492998426398909%2F&#038;show_text=false&#038;width=560&#038;t=0\" width=\"560\" height=\"314\" style=\"border:none;overflow:hidden\" scrolling=\"no\" frameborder=\"0\" allowfullscreen=\"true\" allow=\"autoplay; clipboard-write; encrypted-media; picture-in-picture; web-share\" allowFullScreen=\"true\"><\/iframe><\/p>\n<p>Luego de quedar campeones en la CONCACAF y de tener unas merecidas vacaciones, los Tuzos del Pachuca regresaron a la actividad en su primer partido amistoso de esta pretemporada donde enfrentaron a Mineros en la inauguraci\u00f3n de la Copa por la Paz en el Estadio Carlos Vega Villalba de Zacatecas. <\/p>\n<p>El partido se llev\u00f3 a cabo este viernes por la tarde y el equipo de Guillermo Almada present\u00f3 a muchas de sus figuras que conquistaron la CONCACF hace algunos meses,  con la notable excepci\u00f3n de los jugadores que se encuentran en Copa Am\u00e9rica representando a su selecci\u00f3n y r\u00e1pidamente, tras el silbatazo inicial, comenzaron a imponer condiciones en el terreno de juego. <\/p>\n<p>El gol que abri\u00f3 el marcador cay\u00f3 muy pronto en el encuentro. A los once minutos, Pachuca recuper\u00f3 un bal\u00f3n en territorio rival y con un potente disparo, Pedro Pedraza mand\u00f3 el bal\u00f3n al fondo de la red ante la estirada del portero de Mineros. Casi de inmediato lleg\u00f3 el segundo de los Tuzos con un contragolpe que fue correctamente resuelto por Oussama Idrissi. <\/p>\n<p>Con la ventaja en el marcador, Pachuca se mostr\u00f3 s\u00f3lido en el terreno de juego, generando alguna otra llegada de peligro, pero sin poder hacerse presente nuevamente en el marcador, aunque el conjunto local poco a poco fue equilibrando la situaci\u00f3n y generando algunas acciones de peligro sobre el arco blanquiazul. <\/p>\n<p>El tanto del descuento para los vinotinto lleg\u00f3 en los primeros minutos del complemento, con un desborde por derecha que termin\u00f3 en el \u00e1rea controlado por Juan Jos\u00e9 Calero, quien \u00fanicamente tuvo que empujar el bal\u00f3n al fondo de la red.  Tras la anotaci\u00f3n de Mineros, ambos clubes comenzaron a mover sus piezas para darle juego a todos sus elementos, lo que deriv\u00f3 en que el marcador no se moviera m\u00e1s y terminara con Pachuca instalado en la final de este cuadrangular. <\/p>\n<p>Ahora los Tuzos enfrentar\u00e1n el pr\u00f3ximo domingo a las Chivas en el Carlos Vega Villalba, luego de que los tapat\u00edos superaron al Cruz Azul en penales en el choque estelar de esta Copa por la paz. <\/p>\n","protected":false},"excerpt":{"rendered":"<p>Por: Redacci\u00f3n Tuzologia Foto: Club Pachuca Luego de quedar campeones en la CONCACAF y de tener unas merecidas vacaciones, los Tuzos del Pachuca regresaron a<\/p>\n","protected":false},"author":1,"featured_media":883,"comment_status":"open","ping_status":"open","sticky":false,"template":"","format":"standard","meta":{"_jetpack_memberships_contains_paid_content":false,"footnotes":""},"categories":[15],"tags":[],"class_list":["post-882","post","type-post","status-publish","format-standard","has-post-thumbnail","hentry","category-pretemporada"],"jetpack_sharing_enabled":true,"jetpack_featured_media_url":"http:\/\/www.tuzologia.net\/wp-content\/uploads\/2024\/06\/PAC-ZAC.jpg","_links":{"self":[{"href":"http:\/\/www.tuzologia.net\/index.php?rest_route=\/wp\/v2\/posts\/882","targetHints":{"allow":["GET"]}}],"collection":[{"href":"http:\/\/www.tuzologia.net\/index.php?rest_route=\/wp\/v2\/posts"}],"about":[{"href":"http:\/\/www.tuzologia.net\/index.php?rest_route=\/wp\/v2\/types\/post"}],"author":[{"embeddable":true,"href":"http:\/\/www.tuzologia.net\/index.php?rest_route=\/wp\/v2\/users\/1"}],"replies":[{"embeddable":true,"href":"http:\/\/www.tuzologia.net\/index.php?rest_route=%2Fwp%2Fv2%2Fcomments&post=882"}],"version-history":[{"count":1,"href":"http:\/\/www.tuzologia.net\/index.php?rest_route=\/wp\/v2\/posts\/882\/revisions"}],"predecessor-version":[{"id":884,"href":"http:\/\/www.tuzologia.net\/index.php?rest_route=\/wp\/v2\/posts\/882\/revisions\/884"}],"wp:featuredmedia":[{"embeddable":true,"href":"http:\/\/www.tuzologia.net\/index.php?rest_route=\/wp\/v2\/media\/883"}],"wp:attachment":[{"href":"http:\/\/www.tuzologia.net\/index.php?rest_route=%2Fwp%2Fv2%2Fmedia&parent=882"}],"wp:term":[{"taxonomy":"category","embeddable":true,"href":"http:\/\/www.tuzologia.net\/index.php?rest_route=%2Fwp%2Fv2%2Fcategories&post=882"},{"taxonomy":"post_tag","embeddable":true,"href":"http:\/\/www.tuzologia.net\/index.php?rest_route=%2Fwp%2Fv2%2Ftags&post=882"}],"curies":[{"name":"wp","href":"https:\/\/api.w.org\/{rel}","templated":true}]}}