{"id":709,"date":"2024-02-09T05:31:26","date_gmt":"2024-02-09T05:31:26","guid":{"rendered":"http:\/\/www.tuzologia.net\/?p=709"},"modified":"2024-02-09T05:31:26","modified_gmt":"2024-02-09T05:31:26","slug":"cabral-si-estamos-juntos-llevaremos-a-pachuca-a-lo-mas-alto","status":"publish","type":"post","link":"http:\/\/www.tuzologia.net\/?p=709","title":{"rendered":"Cabral: \u00abSi estamos juntos, llevaremos a Pachuca a lo m\u00e1s alto\u00bb."},"content":{"rendered":"<p>Nota: Redacci\u00f3n Tuzologia<br \/>\nImagen: Eduardo H.<br \/>\n<iframe loading=\"lazy\" src=\"https:\/\/www.facebook.com\/plugins\/video.php?height=476&#038;href=https%3A%2F%2Fwww.facebook.com%2FClubPachucaTuzos%2Fvideos%2F1109882610041042%2F&#038;show_text=false&#038;width=267&#038;t=0\" width=\"267\" height=\"476\" style=\"border:none;overflow:hidden\" scrolling=\"no\" frameborder=\"0\" allowfullscreen=\"true\" allow=\"autoplay; clipboard-write; encrypted-media; picture-in-picture; web-share\" allowFullScreen=\"true\"><\/iframe><br \/>\nLuego de conseguir los 3 puntos ante Le\u00f3n y colocarse en el liderato general de la Liga MX, Gustavo Cabral, capit\u00e1n de los Tuzos del Pachuca reconoci\u00f3 el esfuerzo de todo el plantel para poder sobreponerse a un marcador adverso y poder quedarse con la victoria.<\/p>\n<p>\u201cHemos empezado bien con un gol, pero no ten\u00edamos buenas sensaciones, tuvimos que arreglar en el entretiempo, el equipo reaccion\u00f3 y ten\u00edamos que sumar de a 3 para estar en la cima. Nos reconforta estar ah\u00ed por todo el trabajo hecho\u201d. \u2013 expres\u00f3.<\/p>\n<p>El capit\u00e1n blanquiazul, se\u00f1al\u00f3 en charla con los micr\u00f3fonos del Club Pachuca que la meta sigue siendo el mantener el cero atr\u00e1s, no obstante para los Tuzos es m\u00e1s sencillo corregir los errores que puedan tener mientras se mantengan los resultados positivos. \u201cEs verdad que nos convierten dos goles otra vez, me encantar\u00eda que no hubiera goles en contra, que la porter\u00eda est\u00e9 en cero, pero se gan\u00f3, en el segundo tiempo el equipo respondi\u00f3 en un momento dif\u00edcil, con unos 45 minutos en los que el equipo estuvo muy bien\u201d- a\u00f1adi\u00f3.<\/p>\n<p>Cabral, quien ya sabe lo que es conquistar un t\u00edtulo de liga con los Tuzos tambi\u00e9n destac\u00f3 el trabajo de los futbolistas j\u00f3venes y pidi\u00f3 mantener los pies en la tierra para seguir cosechando \u00e9xitos. \u201cSab\u00edamos que ten\u00edamos un proceso por delante desde el semestre pasado, el equipo lo entendi\u00f3 y los chicos est\u00e1n respondiendo, se han adaptado bien y tenemos que seguir con los pies sobre la tierra, estamos all\u00e1 arriba, nos gusta estar ah\u00ed, pero siempre con humildad\u201d.<\/p>\n<p>Por \u00faltimo Cabral mand\u00f3 un mensaje a la afici\u00f3n: \u201cQue nos sigan alentando, la afici\u00f3n y el equipo debe estar siempre juntos para llevar a Pachuca a lo m\u00e1s alto posible\u201d.  \u2013 concluy\u00f3.<\/p>\n","protected":false},"excerpt":{"rendered":"<p>Nota: Redacci\u00f3n Tuzologia Imagen: Eduardo H. Luego de conseguir los 3 puntos ante Le\u00f3n y colocarse en el liderato general de la Liga MX, Gustavo<\/p>\n","protected":false},"author":1,"featured_media":710,"comment_status":"open","ping_status":"open","sticky":false,"template":"","format":"standard","meta":{"_jetpack_memberships_contains_paid_content":false,"footnotes":""},"categories":[4],"tags":[],"class_list":["post-709","post","type-post","status-publish","format-standard","has-post-thumbnail","hentry","category-liga-mx"],"jetpack_sharing_enabled":true,"jetpack_featured_media_url":"http:\/\/www.tuzologia.net\/wp-content\/uploads\/2024\/02\/Cabral.jpg","_links":{"self":[{"href":"http:\/\/www.tuzologia.net\/index.php?rest_route=\/wp\/v2\/posts\/709","targetHints":{"allow":["GET"]}}],"collection":[{"href":"http:\/\/www.tuzologia.net\/index.php?rest_route=\/wp\/v2\/posts"}],"about":[{"href":"http:\/\/www.tuzologia.net\/index.php?rest_route=\/wp\/v2\/types\/post"}],"author":[{"embeddable":true,"href":"http:\/\/www.tuzologia.net\/index.php?rest_route=\/wp\/v2\/users\/1"}],"replies":[{"embeddable":true,"href":"http:\/\/www.tuzologia.net\/index.php?rest_route=%2Fwp%2Fv2%2Fcomments&post=709"}],"version-history":[{"count":1,"href":"http:\/\/www.tuzologia.net\/index.php?rest_route=\/wp\/v2\/posts\/709\/revisions"}],"predecessor-version":[{"id":711,"href":"http:\/\/www.tuzologia.net\/index.php?rest_route=\/wp\/v2\/posts\/709\/revisions\/711"}],"wp:featuredmedia":[{"embeddable":true,"href":"http:\/\/www.tuzologia.net\/index.php?rest_route=\/wp\/v2\/media\/710"}],"wp:attachment":[{"href":"http:\/\/www.tuzologia.net\/index.php?rest_route=%2Fwp%2Fv2%2Fmedia&parent=709"}],"wp:term":[{"taxonomy":"category","embeddable":true,"href":"http:\/\/www.tuzologia.net\/index.php?rest_route=%2Fwp%2Fv2%2Fcategories&post=709"},{"taxonomy":"post_tag","embeddable":true,"href":"http:\/\/www.tuzologia.net\/index.php?rest_route=%2Fwp%2Fv2%2Ftags&post=709"}],"curies":[{"name":"wp","href":"https:\/\/api.w.org\/{rel}","templated":true}]}}