{"id":702,"date":"2024-02-06T15:03:30","date_gmt":"2024-02-06T15:03:30","guid":{"rendered":"http:\/\/www.tuzologia.net\/?p=702"},"modified":"2024-02-06T15:09:45","modified_gmt":"2024-02-06T15:09:45","slug":"pachuca-incorpora-a-valentin-rodriguez-como-su-ultimo-refuerzo","status":"publish","type":"post","link":"http:\/\/www.tuzologia.net\/?p=702","title":{"rendered":"Pachuca incorpora a Valent\u00edn Rodr\u00edguez como su \u00faltimo refuerzo"},"content":{"rendered":"<p>Por: Redacci\u00f3n Tuzologia<\/p>\n<p>Los Tuzos del Pachuca anunciaron la incorporaci\u00f3n de su \u00faltimo fichaje en esta ventana de invierno. Se trata del juvenil uruguayo Valent\u00edn Rodr\u00edguez quien se suma a los Tuzos desde el Pe\u00f1arol de Uruguay. Rodr\u00edguez cuenta con 22 a\u00f1os de edad y se desempe\u00f1a como lateral izquierdo.<\/p>\n<p>El flamante refuerzo de Pachuca es un constante convocado en las categor\u00edas sub-20 y sub-23, mientras que con el conjunto aurinegro, hizo su debut en 2021, y desde entonces ha participado en 68 encuentros con la casaca de Pe\u00f1arol, anotando 1 gol y aportando 3 asistencias.<\/p>\n<p>La presentaci\u00f3n se realiz\u00f3 mediante las redes sociales del club Pachuca, quienes le dieron la bienvenida a trav\u00e9s de un video, el cual fue bien recibido por la afici\u00f3n blanquiazul, quienes mostraron su agrado del nuevo fichaje, quien actualmente est\u00e1 terminando su participaci\u00f3n en el sudamericano sub-23 y luego se sumar\u00e1 a los Tuzos.<\/p>\n<p>Con el fichaje de Rodr\u00edguez, los Tuzos cerraron el mercado de invierno con 6 incorporaciones, pues adem\u00e1s del uruguayo, incorporaron a Andr\u00e9s Micolta, Adri\u00e1n S\u00e1nchez, \u2018Chaka\u2019 Rodr\u00edguez, Salom\u00f3n Rond\u00f3n y Nelson Deossa, pensando en volver a planos estelares durante el Clausura 2024.<\/p>\n","protected":false},"excerpt":{"rendered":"<p>Por: Redacci\u00f3n Tuzologia Los Tuzos del Pachuca anunciaron la incorporaci\u00f3n de su \u00faltimo fichaje en esta ventana de invierno. Se trata del juvenil uruguayo Valent\u00edn<\/p>\n","protected":false},"author":1,"featured_media":703,"comment_status":"open","ping_status":"open","sticky":false,"template":"","format":"standard","meta":{"_jetpack_memberships_contains_paid_content":false,"footnotes":""},"categories":[16],"tags":[],"class_list":["post-702","post","type-post","status-publish","format-standard","has-post-thumbnail","hentry","category-fichajes"],"jetpack_sharing_enabled":true,"jetpack_featured_media_url":"http:\/\/www.tuzologia.net\/wp-content\/uploads\/2024\/02\/valentin.jpg","_links":{"self":[{"href":"http:\/\/www.tuzologia.net\/index.php?rest_route=\/wp\/v2\/posts\/702","targetHints":{"allow":["GET"]}}],"collection":[{"href":"http:\/\/www.tuzologia.net\/index.php?rest_route=\/wp\/v2\/posts"}],"about":[{"href":"http:\/\/www.tuzologia.net\/index.php?rest_route=\/wp\/v2\/types\/post"}],"author":[{"embeddable":true,"href":"http:\/\/www.tuzologia.net\/index.php?rest_route=\/wp\/v2\/users\/1"}],"replies":[{"embeddable":true,"href":"http:\/\/www.tuzologia.net\/index.php?rest_route=%2Fwp%2Fv2%2Fcomments&post=702"}],"version-history":[{"count":1,"href":"http:\/\/www.tuzologia.net\/index.php?rest_route=\/wp\/v2\/posts\/702\/revisions"}],"predecessor-version":[{"id":704,"href":"http:\/\/www.tuzologia.net\/index.php?rest_route=\/wp\/v2\/posts\/702\/revisions\/704"}],"wp:featuredmedia":[{"embeddable":true,"href":"http:\/\/www.tuzologia.net\/index.php?rest_route=\/wp\/v2\/media\/703"}],"wp:attachment":[{"href":"http:\/\/www.tuzologia.net\/index.php?rest_route=%2Fwp%2Fv2%2Fmedia&parent=702"}],"wp:term":[{"taxonomy":"category","embeddable":true,"href":"http:\/\/www.tuzologia.net\/index.php?rest_route=%2Fwp%2Fv2%2Fcategories&post=702"},{"taxonomy":"post_tag","embeddable":true,"href":"http:\/\/www.tuzologia.net\/index.php?rest_route=%2Fwp%2Fv2%2Ftags&post=702"}],"curies":[{"name":"wp","href":"https:\/\/api.w.org\/{rel}","templated":true}]}}