{"id":622,"date":"2023-10-31T02:18:23","date_gmt":"2023-10-31T02:18:23","guid":{"rendered":"http:\/\/www.tuzologia.net\/?p=622"},"modified":"2023-10-31T02:18:24","modified_gmt":"2023-10-31T02:18:24","slug":"almada-nos-esta-faltando-mayor-contundencia","status":"publish","type":"post","link":"http:\/\/www.tuzologia.net\/?p=622","title":{"rendered":"Almada: \u00abNos est\u00e1 faltando mayor contundencia\u00bb."},"content":{"rendered":"<p>Por: Redacci\u00f3n Tuzologia<br \/>\nImagen: Eduardo H.<\/p>\n<div class=\"jetpack-video-wrapper\"><iframe loading=\"lazy\" title=\"Guillermo Almada: \u201cNos est\u00e1 faltando contundencia\u201d.\" width=\"640\" height=\"360\" src=\"https:\/\/www.youtube.com\/embed\/Zdfn-EN1eKA?feature=oembed\" frameborder=\"0\" allow=\"accelerometer; autoplay; clipboard-write; encrypted-media; gyroscope; picture-in-picture; web-share\" referrerpolicy=\"strict-origin-when-cross-origin\" allowfullscreen><\/iframe><\/div>\n<p>Luego del empate a un gol con Puebla, el entrenador de los Tuzos, Guillermo Almada lament\u00f3 no haber podido sumar de a tres en el partido contra Puebla, debido a que desde su \u00f3ptica, el equipo Tuzo hizo lo necesario para que el equipo pudiese llevarse la victoria, aunque careci\u00f3 de punter\u00eda frente al arco.<\/p>\n<p>El entrenador blanquiazul, destac\u00f3 las oportunidades que el equipo tuvo frente a Puebla, y se\u00f1al\u00f3 que el equipo tendr\u00eda que ser m\u00e1s efectivo frente al arco, para as\u00ed poder sumar m\u00e1s unidades. \u201cTen\u00edamos que ganar y debimos haber marcado 3 o 4 goles por la cantidad de goles que tuvimos y que no pudimos convertir, por eso queda la sensaci\u00f3n amarga. No tuvimos la efectividad y ese ha sido el problema todo el campeonato\u201d.<\/p>\n<p>El Profesor Almada revel\u00f3 que estas situaciones son parte del desarrollo de los jugadores, y espera que el equipo pueda seguir creciendo y revertir esta situaci\u00f3n previo al cierre del campeonato local, para as\u00ed poder aspirar a la liguilla. \u201cSon procesos que tienen que tener la mayor\u00eda de los jugadores. El grupo est\u00e1 consciente que los partidos que quedan son finales y tendremos que seguir mejorando, aprendiendo y jugarnos con Atlas a ver si podemos lograr los 3 puntos\u201d.<\/p>\n<p>De la misma manera, Almada revel\u00f3 que \u2018Chofis\u2019 L\u00f3pez contin\u00faa batallando con las lesiones que lo aquejan, y considera que podr\u00eda contar con \u00e9l para la \u00faltima jornada del torneo. \u201cLa Chofis est\u00e1 en proceso de recuperaci\u00f3n. Despu\u00e9s del campeonato empez\u00f3 con una buena regularidad y ha tenido una pubalgia que lo han tenido a maltraer y que no le han dejado tener continuidad. Seguiremos intentando recuperarlo, aunque no creo que lo podamos tener para esa semana\u201d.<\/p>\n<p>Finalmente, el t\u00e9cnico uruguayo confes\u00f3 que ya est\u00e1n pensando en apuntalar algunas posiciones el pr\u00f3ximo torneo, aunque no revel\u00f3 de cuales se tratan, pues no es el momento a\u00fan. \u201cSi, lo tenemos claro y ahora no es momento, pero seguimos tratando de<\/p>\n","protected":false},"excerpt":{"rendered":"<p>Por: Redacci\u00f3n Tuzologia Imagen: Eduardo H. Luego del empate a un gol con Puebla, el entrenador de los Tuzos, Guillermo Almada lament\u00f3 no haber podido<\/p>\n","protected":false},"author":1,"featured_media":343,"comment_status":"open","ping_status":"open","sticky":false,"template":"","format":"standard","meta":{"_jetpack_memberships_contains_paid_content":false,"footnotes":""},"categories":[1],"tags":[],"class_list":["post-622","post","type-post","status-publish","format-standard","has-post-thumbnail","hentry","category-uncategorized"],"jetpack_sharing_enabled":true,"jetpack_featured_media_url":"http:\/\/www.tuzologia.net\/wp-content\/uploads\/2023\/02\/almada.jpg","_links":{"self":[{"href":"http:\/\/www.tuzologia.net\/index.php?rest_route=\/wp\/v2\/posts\/622","targetHints":{"allow":["GET"]}}],"collection":[{"href":"http:\/\/www.tuzologia.net\/index.php?rest_route=\/wp\/v2\/posts"}],"about":[{"href":"http:\/\/www.tuzologia.net\/index.php?rest_route=\/wp\/v2\/types\/post"}],"author":[{"embeddable":true,"href":"http:\/\/www.tuzologia.net\/index.php?rest_route=\/wp\/v2\/users\/1"}],"replies":[{"embeddable":true,"href":"http:\/\/www.tuzologia.net\/index.php?rest_route=%2Fwp%2Fv2%2Fcomments&post=622"}],"version-history":[{"count":1,"href":"http:\/\/www.tuzologia.net\/index.php?rest_route=\/wp\/v2\/posts\/622\/revisions"}],"predecessor-version":[{"id":623,"href":"http:\/\/www.tuzologia.net\/index.php?rest_route=\/wp\/v2\/posts\/622\/revisions\/623"}],"wp:featuredmedia":[{"embeddable":true,"href":"http:\/\/www.tuzologia.net\/index.php?rest_route=\/wp\/v2\/media\/343"}],"wp:attachment":[{"href":"http:\/\/www.tuzologia.net\/index.php?rest_route=%2Fwp%2Fv2%2Fmedia&parent=622"}],"wp:term":[{"taxonomy":"category","embeddable":true,"href":"http:\/\/www.tuzologia.net\/index.php?rest_route=%2Fwp%2Fv2%2Fcategories&post=622"},{"taxonomy":"post_tag","embeddable":true,"href":"http:\/\/www.tuzologia.net\/index.php?rest_route=%2Fwp%2Fv2%2Ftags&post=622"}],"curies":[{"name":"wp","href":"https:\/\/api.w.org\/{rel}","templated":true}]}}