{"id":585,"date":"2023-09-19T21:40:49","date_gmt":"2023-09-19T21:40:49","guid":{"rendered":"http:\/\/www.tuzologia.net\/?p=585"},"modified":"2023-09-19T21:40:50","modified_gmt":"2023-09-19T21:40:50","slug":"oussama-idrissi-fue-presentado-con-los-tuzos","status":"publish","type":"post","link":"http:\/\/www.tuzologia.net\/?p=585","title":{"rendered":"Oussama Idrissi fue presentado con los Tuzos"},"content":{"rendered":"<p>Nota: Eduardo H.<br \/>\nImagen: Iv\u00e1n Pati\u00f1o<\/p>\n<blockquote class=\"twitter-tweet\">\n<p lang=\"es\" dir=\"ltr\">La \ud83d\udc555\ufe0f\u20e3 ya tiene nuevo due\u00f1o.<\/p>\n<p>\u00a1Bienvenido a los Tuzos Oussama Idrissi!<\/p>\n<p>\ud83d\udcf8: <a href=\"https:\/\/twitter.com\/Patinho92?ref_src=twsrc%5Etfw\">@Patinho92<\/a> <a href=\"https:\/\/t.co\/NO9f7iAwya\">pic.twitter.com\/NO9f7iAwya<\/a><\/p>\n<p>&mdash; Tuzologia \ud83c\udff4\udb40\udc67\udb40\udc62\udb40\udc73\udb40\udc63\udb40\udc74\udb40\udc7f (@Tuzologia) <a href=\"https:\/\/twitter.com\/Tuzologia\/status\/1703984019401019424?ref_src=twsrc%5Etfw\">September 19, 2023<\/a><\/p><\/blockquote>\n<p><script async src=\"https:\/\/platform.twitter.com\/widgets.js\" charset=\"utf-8\"><\/script><br \/>\nLos Tuzos del Pachuca le dieron la bienvenida a su \u00faltimo refuerzo para el Apertura 2023. El seleccionado marroqu\u00ed Oussama Idrissi entr\u00f3 por primera vez a la cancha del Hidalgo para ser ovacionado por su nueva afici\u00f3n y mostrar por primera vez su dorsal n\u00famero 5 al p\u00fablico blanquiazul.<\/p>\n<p>Oussama arriba a los Tuzos luego de quedar desvinculado del Sevilla hace unas semanas, equipo que lo cedi\u00f3 en m\u00faltiples ocasiones, incluyendo una al Feyenoord, donde coincidi\u00f3 con el mexicano Santiago Gimenez, club en el cual ambos se coronaron como campeones de la Eredivisie, y que debido a la buena relaci\u00f3n con Gim\u00e9nez y su pap\u00e1, se dieron los primeros contactos para que viniera a M\u00e9xico.<\/p>\n<p>Como tal su trayectoria inici\u00f3 por all\u00e1 del 2016 defendiendo la casaca del Groningen holand\u00e9s, para luego pasar al AZ Alkmaar y recalar con el Sevilla, club que como mencion\u00e1bamos lo termin\u00f3 cediendo en varias ocasiones al Ajax, Cadiz y al Feyenoord.<\/p>\n<p>Idrissi cuenta actualmente con 27 a\u00f1os de edad y se desempe\u00f1a como extremo por ambos perfiles, aunque normalmente juega por sector izquierdo, siendo un jugador potente y que es mucho m\u00e1s asistido que goleador. Adem\u00e1s trascendi\u00f3 que firm\u00f3 un contrato por 2 a\u00f1os con la entidad hidalguense.<\/p>\n<p>De esta manera Pachuca cierra su plantilla para terminar de disputar el Apertura 2023.<\/p>\n","protected":false},"excerpt":{"rendered":"<p>Nota: Eduardo H. Imagen: Iv\u00e1n Pati\u00f1o La \ud83d\udc555\ufe0f\u20e3 ya tiene nuevo due\u00f1o. \u00a1Bienvenido a los Tuzos Oussama Idrissi! \ud83d\udcf8: @Patinho92 pic.twitter.com\/NO9f7iAwya &mdash; Tuzologia \ud83c\udff4\udb40\udc67\udb40\udc62\udb40\udc73\udb40\udc63\udb40\udc74\udb40\udc7f (@Tuzologia)<\/p>\n","protected":false},"author":1,"featured_media":586,"comment_status":"open","ping_status":"open","sticky":false,"template":"","format":"standard","meta":{"_jetpack_memberships_contains_paid_content":false,"footnotes":""},"categories":[1],"tags":[],"class_list":["post-585","post","type-post","status-publish","format-standard","has-post-thumbnail","hentry","category-uncategorized"],"jetpack_sharing_enabled":true,"jetpack_featured_media_url":"http:\/\/www.tuzologia.net\/wp-content\/uploads\/2023\/09\/Idrissi.jpg","_links":{"self":[{"href":"http:\/\/www.tuzologia.net\/index.php?rest_route=\/wp\/v2\/posts\/585","targetHints":{"allow":["GET"]}}],"collection":[{"href":"http:\/\/www.tuzologia.net\/index.php?rest_route=\/wp\/v2\/posts"}],"about":[{"href":"http:\/\/www.tuzologia.net\/index.php?rest_route=\/wp\/v2\/types\/post"}],"author":[{"embeddable":true,"href":"http:\/\/www.tuzologia.net\/index.php?rest_route=\/wp\/v2\/users\/1"}],"replies":[{"embeddable":true,"href":"http:\/\/www.tuzologia.net\/index.php?rest_route=%2Fwp%2Fv2%2Fcomments&post=585"}],"version-history":[{"count":1,"href":"http:\/\/www.tuzologia.net\/index.php?rest_route=\/wp\/v2\/posts\/585\/revisions"}],"predecessor-version":[{"id":587,"href":"http:\/\/www.tuzologia.net\/index.php?rest_route=\/wp\/v2\/posts\/585\/revisions\/587"}],"wp:featuredmedia":[{"embeddable":true,"href":"http:\/\/www.tuzologia.net\/index.php?rest_route=\/wp\/v2\/media\/586"}],"wp:attachment":[{"href":"http:\/\/www.tuzologia.net\/index.php?rest_route=%2Fwp%2Fv2%2Fmedia&parent=585"}],"wp:term":[{"taxonomy":"category","embeddable":true,"href":"http:\/\/www.tuzologia.net\/index.php?rest_route=%2Fwp%2Fv2%2Fcategories&post=585"},{"taxonomy":"post_tag","embeddable":true,"href":"http:\/\/www.tuzologia.net\/index.php?rest_route=%2Fwp%2Fv2%2Ftags&post=585"}],"curies":[{"name":"wp","href":"https:\/\/api.w.org\/{rel}","templated":true}]}}