{"id":452,"date":"2023-05-02T03:16:50","date_gmt":"2023-05-02T03:16:50","guid":{"rendered":"http:\/\/www.tuzologia.net\/?p=452"},"modified":"2023-05-02T03:16:51","modified_gmt":"2023-05-02T03:16:51","slug":"julio-perez-fue-el-primer-debut-de-pachuca-en-el-2023","status":"publish","type":"post","link":"http:\/\/www.tuzologia.net\/?p=452","title":{"rendered":"Julio P\u00e9rez fue el primer debut de Pachuca en el 2023"},"content":{"rendered":"<p>Por: Redacci\u00f3n Tuzologia<\/p>\n<p>El pasado domingo en el partido contra Quer\u00e9taro, los Tuzos del Pachuca realizaron su primer debut del Clausura 2023. Se trata del defensor central Julio P\u00e9rez, quien entr\u00f3 de cambio al minuto 74 por Enzo Mart\u00ednez para asegurar la victoria del equipo frente a los Gallos.<\/p>\n<p>El central que usualmente tiene acci\u00f3n con la categor\u00eda premier del Pachuca ha pasado  por todas las categor\u00edas del conjunto blanquiazul, desde la sub-13 la cual fue su primera experiencia como Tuzos en el 2014, compartiendo equipo con otros talentos que ya debutaron en el m\u00e1ximo circuito como Jahaziel Marchand, Jos\u00e9 Castillo y Ra\u00fal Castillo quien actualmente juega en el Puebla.<\/p>\n<p>P\u00e9rez es originario de Tampico y se perfila como uno de los principales prospectos de la cantera blanquiazul en el cuadro bajo, llegando incluso a ser considerado para formar parte de un campamento en Amsterdam, como parte del intercambio que tienen los Tuzos con el Ajax de Holanda.<\/p>\n<p>Le deseamos mucha suerte.a Julio en esta carrera que apenas empieza.<\/p>\n","protected":false},"excerpt":{"rendered":"<p>Por: Redacci\u00f3n Tuzologia El pasado domingo en el partido contra Quer\u00e9taro, los Tuzos del Pachuca realizaron su primer debut del Clausura 2023. Se trata del<\/p>\n","protected":false},"author":1,"featured_media":453,"comment_status":"open","ping_status":"open","sticky":false,"template":"","format":"standard","meta":{"_jetpack_memberships_contains_paid_content":false,"footnotes":""},"categories":[1],"tags":[],"class_list":["post-452","post","type-post","status-publish","format-standard","has-post-thumbnail","hentry","category-uncategorized"],"jetpack_sharing_enabled":true,"jetpack_featured_media_url":"http:\/\/www.tuzologia.net\/wp-content\/uploads\/2023\/05\/julio-perez.jpg","_links":{"self":[{"href":"http:\/\/www.tuzologia.net\/index.php?rest_route=\/wp\/v2\/posts\/452","targetHints":{"allow":["GET"]}}],"collection":[{"href":"http:\/\/www.tuzologia.net\/index.php?rest_route=\/wp\/v2\/posts"}],"about":[{"href":"http:\/\/www.tuzologia.net\/index.php?rest_route=\/wp\/v2\/types\/post"}],"author":[{"embeddable":true,"href":"http:\/\/www.tuzologia.net\/index.php?rest_route=\/wp\/v2\/users\/1"}],"replies":[{"embeddable":true,"href":"http:\/\/www.tuzologia.net\/index.php?rest_route=%2Fwp%2Fv2%2Fcomments&post=452"}],"version-history":[{"count":1,"href":"http:\/\/www.tuzologia.net\/index.php?rest_route=\/wp\/v2\/posts\/452\/revisions"}],"predecessor-version":[{"id":454,"href":"http:\/\/www.tuzologia.net\/index.php?rest_route=\/wp\/v2\/posts\/452\/revisions\/454"}],"wp:featuredmedia":[{"embeddable":true,"href":"http:\/\/www.tuzologia.net\/index.php?rest_route=\/wp\/v2\/media\/453"}],"wp:attachment":[{"href":"http:\/\/www.tuzologia.net\/index.php?rest_route=%2Fwp%2Fv2%2Fmedia&parent=452"}],"wp:term":[{"taxonomy":"category","embeddable":true,"href":"http:\/\/www.tuzologia.net\/index.php?rest_route=%2Fwp%2Fv2%2Fcategories&post=452"},{"taxonomy":"post_tag","embeddable":true,"href":"http:\/\/www.tuzologia.net\/index.php?rest_route=%2Fwp%2Fv2%2Ftags&post=452"}],"curies":[{"name":"wp","href":"https:\/\/api.w.org\/{rel}","templated":true}]}}