{"id":401,"date":"2023-03-21T17:46:24","date_gmt":"2023-03-21T17:46:24","guid":{"rendered":"http:\/\/www.tuzologia.net\/?p=401"},"modified":"2023-03-21T17:46:25","modified_gmt":"2023-03-21T17:46:25","slug":"quiero-ser-el-mejor-delantero-mexicano-de-la-rosa","status":"publish","type":"post","link":"http:\/\/www.tuzologia.net\/?p=401","title":{"rendered":"\u00abQuiero ser el mejor delantero mexicano\u00bb &#8211; De la Rosa"},"content":{"rendered":"<p>Por: Redacci\u00f3n Tuzologia<\/p>\n<p>A su llegada a la concentraci\u00f3n de la Selecci\u00f3n Nacional, el delantero de los Tuzos Roberto de la Rosa, expres\u00f3 su deseo por convertirse en uno de los mejores delanteros del pa\u00eds. En entrevista para R\u00c9CORD, el 9 de Pachuca reconoci\u00f3 que ser\u00e1 el trabajo lo que lo lleve a cumplir sus objetivos.<\/p>\n<p>\u201cLa verdad que si me veo, pero s\u00e9 que todo requiere trabajo d\u00eda a d\u00eda. Es un objetivo que siempre he tenido y hay que trabajar para seguir creciendo y convertirme en el delantero que quiero ser.\u201d &#8211; declar\u00f3.<\/p>\n<p>El flamante seleccionado nacional reiter\u00f3 que siempre ha tenido la meta de formar parte de la Selecci\u00f3n nacional, sobre todo luego que ha formado parte de todas las categor\u00edas que existen en la estructura de selecciones. \u201cLa Selecci\u00f3n es algo que obviamente siempre est\u00e1 en tu mente desde ni\u00f1o. Formar parte de la mayor es uno de los objetivos que uno siempre tiene desde que est\u00e1 en inferiores\u201d. &#8211; agreg\u00f3.<\/p>\n<p>Sobre la continuidad que ha tenido este torneo, Roberto se\u00f1al\u00f3 que cada vez se siente mejor en el terreno de juego, pero espera poder seguir mejorando para aportar cada vez m\u00e1s y m\u00e1s al juego de Pachuca \u201cMe he ido sintiendo mucho mejor, he agarrado el ritmo de los que vienen jugando, la verdad es que me siento bien con m\u00e1s minutos, pero hay que seguir jugando, pues se espera m\u00e1s de m\u00ed, mucho sacrificio, mucho trabajo y m\u00e1s goles\u201d. &#8211; concluy\u00f3.<\/p>\n","protected":false},"excerpt":{"rendered":"<p>Por: Redacci\u00f3n Tuzologia A su llegada a la concentraci\u00f3n de la Selecci\u00f3n Nacional, el delantero de los Tuzos Roberto de la Rosa, expres\u00f3 su deseo<\/p>\n","protected":false},"author":1,"featured_media":402,"comment_status":"open","ping_status":"open","sticky":false,"template":"","format":"standard","meta":{"_jetpack_memberships_contains_paid_content":false,"footnotes":""},"categories":[1],"tags":[],"class_list":["post-401","post","type-post","status-publish","format-standard","has-post-thumbnail","hentry","category-uncategorized"],"jetpack_sharing_enabled":true,"jetpack_featured_media_url":"http:\/\/www.tuzologia.net\/wp-content\/uploads\/2023\/03\/Robert.jpg","_links":{"self":[{"href":"http:\/\/www.tuzologia.net\/index.php?rest_route=\/wp\/v2\/posts\/401","targetHints":{"allow":["GET"]}}],"collection":[{"href":"http:\/\/www.tuzologia.net\/index.php?rest_route=\/wp\/v2\/posts"}],"about":[{"href":"http:\/\/www.tuzologia.net\/index.php?rest_route=\/wp\/v2\/types\/post"}],"author":[{"embeddable":true,"href":"http:\/\/www.tuzologia.net\/index.php?rest_route=\/wp\/v2\/users\/1"}],"replies":[{"embeddable":true,"href":"http:\/\/www.tuzologia.net\/index.php?rest_route=%2Fwp%2Fv2%2Fcomments&post=401"}],"version-history":[{"count":1,"href":"http:\/\/www.tuzologia.net\/index.php?rest_route=\/wp\/v2\/posts\/401\/revisions"}],"predecessor-version":[{"id":403,"href":"http:\/\/www.tuzologia.net\/index.php?rest_route=\/wp\/v2\/posts\/401\/revisions\/403"}],"wp:featuredmedia":[{"embeddable":true,"href":"http:\/\/www.tuzologia.net\/index.php?rest_route=\/wp\/v2\/media\/402"}],"wp:attachment":[{"href":"http:\/\/www.tuzologia.net\/index.php?rest_route=%2Fwp%2Fv2%2Fmedia&parent=401"}],"wp:term":[{"taxonomy":"category","embeddable":true,"href":"http:\/\/www.tuzologia.net\/index.php?rest_route=%2Fwp%2Fv2%2Fcategories&post=401"},{"taxonomy":"post_tag","embeddable":true,"href":"http:\/\/www.tuzologia.net\/index.php?rest_route=%2Fwp%2Fv2%2Ftags&post=401"}],"curies":[{"name":"wp","href":"https:\/\/api.w.org\/{rel}","templated":true}]}}