{"id":368,"date":"2023-03-09T02:03:02","date_gmt":"2023-03-09T02:03:02","guid":{"rendered":"http:\/\/www.tuzologia.net\/?p=368"},"modified":"2023-03-09T02:03:03","modified_gmt":"2023-03-09T02:03:03","slug":"almada-es-motivante-disputar-un-torneo-internacional","status":"publish","type":"post","link":"http:\/\/www.tuzologia.net\/?p=368","title":{"rendered":"Almada: \u201dEs motivante disputar un torneo internacional\u201d"},"content":{"rendered":"<p>Por: Eduardo H.<br \/>\nImagen: Ivan Pati\u00f1o<\/p>\n<p>El profesor Almada compareci\u00f3 ante los medios de comunicaci\u00f3n previ\u00f3 al encuentro del d\u00eda de ma\u00f1ana frente a Motagua.<\/p>\n<p>El estratega blanquiazul descart\u00f3 que el equipo vaya a darle m\u00e1s prioridad a cualquiera de los dos torneos en los que compite actualmente, se\u00f1alando que el equipo saldr\u00e1 ma\u00f1ana con lo mejor disponible.<\/p>\n<p>\u201cLa realidad es que vamos a priorizar los dos. Tenemos gente de experiencia y j\u00f3venes que hemos sumado, s\u00f3lo estamos pensando en nuestra realidad que es Motagua ma\u00f1ana.\u201d &#8211; expres\u00f3.<\/p>\n<p>El timonel Tuzo fue contundente al se\u00f1alar que el equipo saldr\u00e1 a encarar el compromiso con la mayor seriedad posible, tratando de repetir lo mostrado por el equipo el pasado fin de semana en la cancha del Azteca.<\/p>\n<p>\u201cVamos a intentar lo mismo que hacemos en la liga. Encarando al rival con intensidad y con ritmo, sin olvidar que el rival tambi\u00e9n juega.\u201d &#8211; agreg\u00f3.<\/p>\n<p>Por \u00faltimo comparti\u00f3 un poco sobre el desaf\u00edo que representa participar en la CONCACAF. \u201cDisputar una competencia internacional es motivante. Representa un crecimiento motivante para todos nosotros, pero va a ser un certamen dur\u00edsimo. Tenemos que pensar \u00fanicamente en el rival que tenemos enfrente\u201d. \u2014 concluy\u00f3.<\/p>\n","protected":false},"excerpt":{"rendered":"<p>Por: Eduardo H. Imagen: Ivan Pati\u00f1o El profesor Almada compareci\u00f3 ante los medios de comunicaci\u00f3n previ\u00f3 al encuentro del d\u00eda de ma\u00f1ana frente a Motagua.<\/p>\n","protected":false},"author":1,"featured_media":207,"comment_status":"open","ping_status":"open","sticky":false,"template":"","format":"standard","meta":{"_jetpack_memberships_contains_paid_content":false,"footnotes":""},"categories":[1],"tags":[],"class_list":["post-368","post","type-post","status-publish","format-standard","has-post-thumbnail","hentry","category-uncategorized"],"jetpack_sharing_enabled":true,"jetpack_featured_media_url":"http:\/\/www.tuzologia.net\/wp-content\/uploads\/2022\/10\/33898526-8664-4EBE-AF69-D14A172A453E.jpeg","_links":{"self":[{"href":"http:\/\/www.tuzologia.net\/index.php?rest_route=\/wp\/v2\/posts\/368","targetHints":{"allow":["GET"]}}],"collection":[{"href":"http:\/\/www.tuzologia.net\/index.php?rest_route=\/wp\/v2\/posts"}],"about":[{"href":"http:\/\/www.tuzologia.net\/index.php?rest_route=\/wp\/v2\/types\/post"}],"author":[{"embeddable":true,"href":"http:\/\/www.tuzologia.net\/index.php?rest_route=\/wp\/v2\/users\/1"}],"replies":[{"embeddable":true,"href":"http:\/\/www.tuzologia.net\/index.php?rest_route=%2Fwp%2Fv2%2Fcomments&post=368"}],"version-history":[{"count":1,"href":"http:\/\/www.tuzologia.net\/index.php?rest_route=\/wp\/v2\/posts\/368\/revisions"}],"predecessor-version":[{"id":369,"href":"http:\/\/www.tuzologia.net\/index.php?rest_route=\/wp\/v2\/posts\/368\/revisions\/369"}],"wp:featuredmedia":[{"embeddable":true,"href":"http:\/\/www.tuzologia.net\/index.php?rest_route=\/wp\/v2\/media\/207"}],"wp:attachment":[{"href":"http:\/\/www.tuzologia.net\/index.php?rest_route=%2Fwp%2Fv2%2Fmedia&parent=368"}],"wp:term":[{"taxonomy":"category","embeddable":true,"href":"http:\/\/www.tuzologia.net\/index.php?rest_route=%2Fwp%2Fv2%2Fcategories&post=368"},{"taxonomy":"post_tag","embeddable":true,"href":"http:\/\/www.tuzologia.net\/index.php?rest_route=%2Fwp%2Fv2%2Ftags&post=368"}],"curies":[{"name":"wp","href":"https:\/\/api.w.org\/{rel}","templated":true}]}}