{"id":355,"date":"2023-03-03T18:35:03","date_gmt":"2023-03-03T18:35:03","guid":{"rendered":"http:\/\/www.tuzologia.net\/?p=355"},"modified":"2023-03-03T18:35:05","modified_gmt":"2023-03-03T18:35:05","slug":"representar-a-tu-pais-es-lo-mejor-que-te-puede-pasar-de-la-rosa","status":"publish","type":"post","link":"http:\/\/www.tuzologia.net\/?p=355","title":{"rendered":"\u00abRepresentar a tu pa\u00eds es lo mejor que te puede pasar\u00bb &#8211; De la Rosa"},"content":{"rendered":"<p>Por: Redacci\u00f3n Tuzologia<br \/>\nImagen: Eduardo H.<br \/>\nEn entrevista para TUDN, el delantero de los Tuzos, Roberto de la Rosa asegur\u00f3 que un llamado a la selecci\u00f3n nacional es lo mejor que le puede pasar a cualquier futbolista.<\/p>\n<p>Teniendo que asumir un rol protag\u00f3nico en Pachuca tras la salida de Nico Ib\u00e1\u00f1ez, Roberto es uno de los pocos delanteros mexicanos que tiene actividad constantemente con su equipo, raz\u00f3n por la cual el seleccionador nacional Diego Cocca lo lleva por primera vez al tricolor.<\/p>\n<p>El canterano blanquiazul calific\u00f3 su convocatoria como sorpresiva, y se\u00f1al\u00f3 que buscar\u00e1 aprovechar la oportunidad para continuar siendo considerado por el nuevo cuerpo t\u00e9cnico nacional.<\/p>\n<p>\u201cEs una sorpresa. Representar a tu pa\u00eds es lo mejor que le puede pasar a un futbolista mexicano, entonces muy contento. Yo creo que hemos trabajado todos los d\u00edas para cumplir uno que otro objetivo que tenemos trazados y tratar de aprovechar la oportunidad\u201d. &#8211; se\u00f1al\u00f3.<\/p>\n<p>El \u20189\u2019 de los Tuzos revel\u00f3 c\u00f3mo fue la llamada donde Cocca le expres\u00f3 su deseo de contar con \u00e9l en esta primera convocatoria. \u201c\u00c9l se comunic\u00f3 con muchos jugadores, uno de ellos fui yo y nada, que estaba contento que le gustaba mucho que estaba en esta convocatoria, y que tratara de aprovecharla al m\u00e1ximo\u201d. &#8211; concluy\u00f3.<\/p>\n<p>Roberto y los seleccionados nacionales se enfrentar\u00e1n a Surinam el pr\u00f3ximo 22 de Marzo<\/p>\n","protected":false},"excerpt":{"rendered":"<p>Por: Redacci\u00f3n Tuzologia Imagen: Eduardo H. En entrevista para TUDN, el delantero de los Tuzos, Roberto de la Rosa asegur\u00f3 que un llamado a la<\/p>\n","protected":false},"author":1,"featured_media":356,"comment_status":"open","ping_status":"open","sticky":false,"template":"","format":"standard","meta":{"_jetpack_memberships_contains_paid_content":false,"footnotes":""},"categories":[1],"tags":[],"class_list":["post-355","post","type-post","status-publish","format-standard","has-post-thumbnail","hentry","category-uncategorized"],"jetpack_sharing_enabled":true,"jetpack_featured_media_url":"http:\/\/www.tuzologia.net\/wp-content\/uploads\/2023\/03\/Roberto.jpg","_links":{"self":[{"href":"http:\/\/www.tuzologia.net\/index.php?rest_route=\/wp\/v2\/posts\/355","targetHints":{"allow":["GET"]}}],"collection":[{"href":"http:\/\/www.tuzologia.net\/index.php?rest_route=\/wp\/v2\/posts"}],"about":[{"href":"http:\/\/www.tuzologia.net\/index.php?rest_route=\/wp\/v2\/types\/post"}],"author":[{"embeddable":true,"href":"http:\/\/www.tuzologia.net\/index.php?rest_route=\/wp\/v2\/users\/1"}],"replies":[{"embeddable":true,"href":"http:\/\/www.tuzologia.net\/index.php?rest_route=%2Fwp%2Fv2%2Fcomments&post=355"}],"version-history":[{"count":1,"href":"http:\/\/www.tuzologia.net\/index.php?rest_route=\/wp\/v2\/posts\/355\/revisions"}],"predecessor-version":[{"id":357,"href":"http:\/\/www.tuzologia.net\/index.php?rest_route=\/wp\/v2\/posts\/355\/revisions\/357"}],"wp:featuredmedia":[{"embeddable":true,"href":"http:\/\/www.tuzologia.net\/index.php?rest_route=\/wp\/v2\/media\/356"}],"wp:attachment":[{"href":"http:\/\/www.tuzologia.net\/index.php?rest_route=%2Fwp%2Fv2%2Fmedia&parent=355"}],"wp:term":[{"taxonomy":"category","embeddable":true,"href":"http:\/\/www.tuzologia.net\/index.php?rest_route=%2Fwp%2Fv2%2Fcategories&post=355"},{"taxonomy":"post_tag","embeddable":true,"href":"http:\/\/www.tuzologia.net\/index.php?rest_route=%2Fwp%2Fv2%2Ftags&post=355"}],"curies":[{"name":"wp","href":"https:\/\/api.w.org\/{rel}","templated":true}]}}