{"id":352,"date":"2023-03-03T02:23:09","date_gmt":"2023-03-03T02:23:09","guid":{"rendered":"http:\/\/www.tuzologia.net\/?p=352"},"modified":"2023-03-03T02:23:11","modified_gmt":"2023-03-03T02:23:11","slug":"4-tuzos-son-convocados-al-tricolor","status":"publish","type":"post","link":"http:\/\/www.tuzologia.net\/?p=352","title":{"rendered":"4 Tuzos son convocados al Tricolor"},"content":{"rendered":"<p>Por: Redacci\u00f3n Tuzologia<\/p>\n<blockquote class=\"twitter-tweet\">\n<p lang=\"es\" dir=\"ltr\">\u00a1Una nueva etapa comienza! \ud83d\udc4a\ud83c\udffb \ud83c\uddf2\ud83c\uddfd<br \/>\nAqu\u00ed la primera convocatoria del Profe <a href=\"https:\/\/twitter.com\/Diegococca1?ref_src=twsrc%5Etfw\">@Diegococca1<\/a>.<\/p>\n<p>\u00a1Dale, M\u00e9xico! \ud83d\udd25 \u26bd\ufe0f<a href=\"https:\/\/twitter.com\/hashtag\/LaSelecci%C3%B3nEsDeTodos?src=hash&amp;ref_src=twsrc%5Etfw\">#LaSelecci\u00f3nEsDeTodos<\/a> <a href=\"https:\/\/t.co\/a4lfldI9tY\">pic.twitter.com\/a4lfldI9tY<\/a><\/p>\n<p>\u2014 Selecci\u00f3n Nacional (@miseleccionmx) <a href=\"https:\/\/twitter.com\/miseleccionmx\/status\/1631375443679911944?ref_src=twsrc%5Etfw\">March 2, 2023<\/a><\/p><\/blockquote>\n<p><script async=\"\" src=\"https:\/\/platform.twitter.com\/widgets.js\" charset=\"utf-8\"><\/script><\/p>\n<p>La primera convocatoria de Diego Cocca al frente de la selecci\u00f3n trajo consigo algunas sorpresas, entre ellas la primera convocatoria de Roberto de la Rosa a la selecci\u00f3n mayor, adem\u00e1s de que una vez m\u00e1s los Tuzos son el equipo que m\u00e1s jugadores aporta al tricolor.<\/p>\n<p>El seleccionador nacional anunci\u00f3 a los medios de comunicaci\u00f3n la plantilla de 34 jugadores con las que contar\u00e1 en la pr\u00f3xima fecha FIFA del mes de marzo, donde el tricolor enfrentar\u00e1 a los combinados nacionales de Jamaica y Surinam.<\/p>\n<p>En total son 4 los jugadores que aporta el campe\u00f3n del f\u00fatbol mexicano, m\u00e1s que cualquier otro equipo presente en la convocatoria, destacando el regreso de Kevin \u00c1lvarez, Luis Ch\u00e1vez y Erick S\u00e1nchez, quienes retornan tras formar parte del final de la era de Gerardo Martino, adem\u00e1s de la primera convocatoria para Roberto de la Rosa.<\/p>\n<p>El delantero de los Tuzos recibir\u00e1 su primera oportunidad como seleccionado mayor, aunque en su trayectoria, De la Rosa ha formado parte de todos los procesos de selecciones con l\u00edmite de edad, donde demostr\u00f3 sus dotes de goleador.<\/p>\n<p>La selecci\u00f3n mexicana comenzar\u00e1 su participaci\u00f3n fuera de casa el 22 de Marzo enfrentando a Surinam fuera de casa, y posteriormente recibir\u00e1n a jamaica en el Azteca.<\/p>\n","protected":false},"excerpt":{"rendered":"<p>Por: Redacci\u00f3n Tuzologia \u00a1Una nueva etapa comienza! \ud83d\udc4a\ud83c\udffb \ud83c\uddf2\ud83c\uddfd Aqu\u00ed la primera convocatoria del Profe @Diegococca1. \u00a1Dale, M\u00e9xico! \ud83d\udd25 \u26bd\ufe0f#LaSelecci\u00f3nEsDeTodos pic.twitter.com\/a4lfldI9tY \u2014 Selecci\u00f3n Nacional (@miseleccionmx)<\/p>\n","protected":false},"author":1,"featured_media":353,"comment_status":"open","ping_status":"open","sticky":false,"template":"","format":"standard","meta":{"_jetpack_memberships_contains_paid_content":false,"footnotes":""},"categories":[1],"tags":[],"class_list":["post-352","post","type-post","status-publish","format-standard","has-post-thumbnail","hentry","category-uncategorized"],"jetpack_sharing_enabled":true,"jetpack_featured_media_url":"http:\/\/www.tuzologia.net\/wp-content\/uploads\/2023\/03\/Seleccionados.jpg","_links":{"self":[{"href":"http:\/\/www.tuzologia.net\/index.php?rest_route=\/wp\/v2\/posts\/352","targetHints":{"allow":["GET"]}}],"collection":[{"href":"http:\/\/www.tuzologia.net\/index.php?rest_route=\/wp\/v2\/posts"}],"about":[{"href":"http:\/\/www.tuzologia.net\/index.php?rest_route=\/wp\/v2\/types\/post"}],"author":[{"embeddable":true,"href":"http:\/\/www.tuzologia.net\/index.php?rest_route=\/wp\/v2\/users\/1"}],"replies":[{"embeddable":true,"href":"http:\/\/www.tuzologia.net\/index.php?rest_route=%2Fwp%2Fv2%2Fcomments&post=352"}],"version-history":[{"count":1,"href":"http:\/\/www.tuzologia.net\/index.php?rest_route=\/wp\/v2\/posts\/352\/revisions"}],"predecessor-version":[{"id":354,"href":"http:\/\/www.tuzologia.net\/index.php?rest_route=\/wp\/v2\/posts\/352\/revisions\/354"}],"wp:featuredmedia":[{"embeddable":true,"href":"http:\/\/www.tuzologia.net\/index.php?rest_route=\/wp\/v2\/media\/353"}],"wp:attachment":[{"href":"http:\/\/www.tuzologia.net\/index.php?rest_route=%2Fwp%2Fv2%2Fmedia&parent=352"}],"wp:term":[{"taxonomy":"category","embeddable":true,"href":"http:\/\/www.tuzologia.net\/index.php?rest_route=%2Fwp%2Fv2%2Fcategories&post=352"},{"taxonomy":"post_tag","embeddable":true,"href":"http:\/\/www.tuzologia.net\/index.php?rest_route=%2Fwp%2Fv2%2Ftags&post=352"}],"curies":[{"name":"wp","href":"https:\/\/api.w.org\/{rel}","templated":true}]}}