{"id":349,"date":"2023-03-01T19:27:24","date_gmt":"2023-03-01T19:27:24","guid":{"rendered":"http:\/\/www.tuzologia.net\/?p=349"},"modified":"2023-03-01T19:27:26","modified_gmt":"2023-03-01T19:27:26","slug":"a-gustavo-cabral-le-ilusiona-el-bicampeonato","status":"publish","type":"post","link":"http:\/\/www.tuzologia.net\/?p=349","title":{"rendered":"A Gustavo Cabral le ilusiona el bicampeonato"},"content":{"rendered":"<p>Por: Redacci\u00f3n Tuzologia<\/p>\n<p>En entrevista para Fox Sports, el defensa de los Tuzos, Gustavo Cabral admiti\u00f3 que le ilusiona la posibilidad de poder jugar la CONCACAF con el conjunto blanquiazul y poder representar al Pachuca en el mundial de Clubes.<\/p>\n<p>\u201cEncantado de jugar la CONCACAF, es algo que nos hemos propuesto, llegar al mundial y competir, vamos a ir por eso, por el bicampeonato pero es el sue\u00f1o que tenemos en el plantel, y ojal\u00e1 lo podamos conseguir\u201d. &#8211; declar\u00f3 el \u2018Sargento\u2019 quien adem\u00e1s es uno de los pilares dentro del conjunto hidalguense.<\/p>\n<p>El \u201922\u2019 de los Tuzos, tambi\u00e9n destac\u00f3 el trabajo que vienen haciendo los jugadores j\u00f3venes, quienes de a poco se est\u00e1n consolidando en el equipo, sumando minutos y estableci\u00e9ndose en el once inicial de Guillermo Almada.<\/p>\n<p>\u201cEl Pachuca se caracteriza por tener j\u00f3venes y canteranos. Los chicos lo est\u00e1n haciendo bien, Castillo es un lateral, y de central lo ha hecho bien, Luna puede jugar en cualquier posici\u00f3n, son elementos que se est\u00e1n consolidando todav\u00eda. El camino es el correcto, hay que seguir apostando a los chicos\u201d. &#8211; agreg\u00f3.<\/p>\n<p>De igual manera revel\u00f3 un poco sobre c\u00f3mo trabaja el profesor Almada, reconociendo que tanto el equipo como el entrenador, buscan retomar el camino del triunfo ante las \u00c1guilas del Am\u00e9rica. \u201cEs el camino que nos propuso desde el primer d\u00eda, y nosotros lo hemos tomado de la mejor manera, \u00bfPorqu\u00e9 no habr\u00edamos seguir por este camino si es el que nos dio \u00e9xito? Es un entrenador apasionado por lo que hace y nos quiere sacar el m\u00e1ximo a todos.\u201d &#8211; indic\u00f3.<\/p>\n<p>Por \u00faltimo, al ser cuestionado sobre si el equipo ha extra\u00f1ado a Guzm\u00e1n y a Ib\u00e1\u00f1ez, el defensor blanquiazul reconoci\u00f3 que la ausencia que m\u00e1s les ha pesado ha sido la de Nico, pues era un jugador que sumaba tanto en defensa, como en ataque. \u201cEn lo personal creo que Nico, era un jugador que a nivel defensivo era el primero en presionar, y al frente era letal para nosotros. Los goles nos han estado faltando y creo que \u00e9l es el que m\u00e1s extra\u00f1amos\u201d. &#8211; concluy\u00f3.<\/p>\n","protected":false},"excerpt":{"rendered":"<p>Por: Redacci\u00f3n Tuzologia En entrevista para Fox Sports, el defensa de los Tuzos, Gustavo Cabral admiti\u00f3 que le ilusiona la posibilidad de poder jugar la<\/p>\n","protected":false},"author":1,"featured_media":350,"comment_status":"open","ping_status":"open","sticky":false,"template":"","format":"standard","meta":{"_jetpack_memberships_contains_paid_content":false,"footnotes":""},"categories":[1],"tags":[],"class_list":["post-349","post","type-post","status-publish","format-standard","has-post-thumbnail","hentry","category-uncategorized"],"jetpack_sharing_enabled":true,"jetpack_featured_media_url":"http:\/\/www.tuzologia.net\/wp-content\/uploads\/2023\/03\/Cabral.jpg","_links":{"self":[{"href":"http:\/\/www.tuzologia.net\/index.php?rest_route=\/wp\/v2\/posts\/349","targetHints":{"allow":["GET"]}}],"collection":[{"href":"http:\/\/www.tuzologia.net\/index.php?rest_route=\/wp\/v2\/posts"}],"about":[{"href":"http:\/\/www.tuzologia.net\/index.php?rest_route=\/wp\/v2\/types\/post"}],"author":[{"embeddable":true,"href":"http:\/\/www.tuzologia.net\/index.php?rest_route=\/wp\/v2\/users\/1"}],"replies":[{"embeddable":true,"href":"http:\/\/www.tuzologia.net\/index.php?rest_route=%2Fwp%2Fv2%2Fcomments&post=349"}],"version-history":[{"count":1,"href":"http:\/\/www.tuzologia.net\/index.php?rest_route=\/wp\/v2\/posts\/349\/revisions"}],"predecessor-version":[{"id":351,"href":"http:\/\/www.tuzologia.net\/index.php?rest_route=\/wp\/v2\/posts\/349\/revisions\/351"}],"wp:featuredmedia":[{"embeddable":true,"href":"http:\/\/www.tuzologia.net\/index.php?rest_route=\/wp\/v2\/media\/350"}],"wp:attachment":[{"href":"http:\/\/www.tuzologia.net\/index.php?rest_route=%2Fwp%2Fv2%2Fmedia&parent=349"}],"wp:term":[{"taxonomy":"category","embeddable":true,"href":"http:\/\/www.tuzologia.net\/index.php?rest_route=%2Fwp%2Fv2%2Fcategories&post=349"},{"taxonomy":"post_tag","embeddable":true,"href":"http:\/\/www.tuzologia.net\/index.php?rest_route=%2Fwp%2Fv2%2Ftags&post=349"}],"curies":[{"name":"wp","href":"https:\/\/api.w.org\/{rel}","templated":true}]}}