{"id":321,"date":"2023-02-14T03:21:32","date_gmt":"2023-02-14T03:21:32","guid":{"rendered":"http:\/\/www.tuzologia.net\/?p=321"},"modified":"2023-02-14T03:21:34","modified_gmt":"2023-02-14T03:21:34","slug":"roberto-de-la-rosa-agradece-la-confianza-depositada-en-el","status":"publish","type":"post","link":"http:\/\/www.tuzologia.net\/?p=321","title":{"rendered":"Roberto de la Rosa agradece la confianza depositada en \u00e9l"},"content":{"rendered":"<p>Por: Redacci\u00f3n Tuzologia<\/p>\n<p>El delantero de los Tuzos, Roberto Carlos de la Rosa se\u00f1al\u00f3 que el respaldo que le ha brindado el cuerpo t\u00e9cnico, la directiva, aficionados y sus compa\u00f1eros ha sido clave para que el joven futbolista se haya reencontrado con el gol.<\/p>\n<p>El canterano blanquiazul, ya acumula 2 goles en 5 partidos disputados durante este torneo, desde que la responsabilidad de los goles recay\u00f3 en \u00e9l, tras la intempestiva salida de Nicol\u00e1s ib\u00e1\u00f1ez, quien ahora es delantero de Tigres.<\/p>\n<p>De la Rosa agradeci\u00f3 la confianza que han depositado en \u00e9l ha sido bastante ben\u00e9fica para empezar a tomar un buen nivel, adem\u00e1s dej\u00f3 en claro lo que siente por la camiseta blanquiazul. \u201cYo amo este club, hago goles y lo disfruto al m\u00e1ximo. He trabajado todos los d\u00edas para lograr los objetivos que me pide el club y la directiva\u201d &#8211; seg\u00fan declar\u00f3 Roberto a Criterio Hidalgo.<\/p>\n<p>En el pasado mercado de verano, se rumor\u00f3 que De la Rosa se convertir\u00eda en jugador de chivas, sin embargo fue el propio canterano Tuzo quien desminti\u00f3 el inter\u00e9s, revelando que no existi\u00f3 una oferta formal por sus servicios. \u201cVe\u00eda rumores, pero a mi nunca me dijeron nada, yo siempre he estado concentrado en mi club, trabajando en el d\u00eda a d\u00eda\u201d.<\/p>\n<p>Finalmente, el \u201809\u2019 de los Tuzos, coment\u00f3 sobre Guillermo Almada y su no designaci\u00f3n al tricolor. \u201c\u00b4\u00c9l es un gran profesional, y al otro d\u00eda de que se dio la noticia, estaba como siempre, comprometido con el equipo y con este torneo\u201d. &#8211; concluy\u00f3.<\/p>\n","protected":false},"excerpt":{"rendered":"<p>Por: Redacci\u00f3n Tuzologia El delantero de los Tuzos, Roberto Carlos de la Rosa se\u00f1al\u00f3 que el respaldo que le ha brindado el cuerpo t\u00e9cnico, la<\/p>\n","protected":false},"author":1,"featured_media":322,"comment_status":"open","ping_status":"open","sticky":false,"template":"","format":"standard","meta":{"_jetpack_memberships_contains_paid_content":false,"footnotes":""},"categories":[1],"tags":[],"class_list":["post-321","post","type-post","status-publish","format-standard","has-post-thumbnail","hentry","category-uncategorized"],"jetpack_sharing_enabled":true,"jetpack_featured_media_url":"http:\/\/www.tuzologia.net\/wp-content\/uploads\/2023\/02\/robert.jpg","_links":{"self":[{"href":"http:\/\/www.tuzologia.net\/index.php?rest_route=\/wp\/v2\/posts\/321","targetHints":{"allow":["GET"]}}],"collection":[{"href":"http:\/\/www.tuzologia.net\/index.php?rest_route=\/wp\/v2\/posts"}],"about":[{"href":"http:\/\/www.tuzologia.net\/index.php?rest_route=\/wp\/v2\/types\/post"}],"author":[{"embeddable":true,"href":"http:\/\/www.tuzologia.net\/index.php?rest_route=\/wp\/v2\/users\/1"}],"replies":[{"embeddable":true,"href":"http:\/\/www.tuzologia.net\/index.php?rest_route=%2Fwp%2Fv2%2Fcomments&post=321"}],"version-history":[{"count":1,"href":"http:\/\/www.tuzologia.net\/index.php?rest_route=\/wp\/v2\/posts\/321\/revisions"}],"predecessor-version":[{"id":323,"href":"http:\/\/www.tuzologia.net\/index.php?rest_route=\/wp\/v2\/posts\/321\/revisions\/323"}],"wp:featuredmedia":[{"embeddable":true,"href":"http:\/\/www.tuzologia.net\/index.php?rest_route=\/wp\/v2\/media\/322"}],"wp:attachment":[{"href":"http:\/\/www.tuzologia.net\/index.php?rest_route=%2Fwp%2Fv2%2Fmedia&parent=321"}],"wp:term":[{"taxonomy":"category","embeddable":true,"href":"http:\/\/www.tuzologia.net\/index.php?rest_route=%2Fwp%2Fv2%2Fcategories&post=321"},{"taxonomy":"post_tag","embeddable":true,"href":"http:\/\/www.tuzologia.net\/index.php?rest_route=%2Fwp%2Fv2%2Ftags&post=321"}],"curies":[{"name":"wp","href":"https:\/\/api.w.org\/{rel}","templated":true}]}}