{"id":256,"date":"2023-01-04T22:08:31","date_gmt":"2023-01-04T22:08:31","guid":{"rendered":"http:\/\/www.tuzologia.net\/?p=256"},"modified":"2023-01-04T22:08:33","modified_gmt":"2023-01-04T22:08:33","slug":"ir-a-otro-equipo-en-mexico-seria-ir-contra-mis-ideales-chavez","status":"publish","type":"post","link":"http:\/\/www.tuzologia.net\/?p=256","title":{"rendered":"\u00abIr a otro equipo en M\u00e9xico ser\u00eda ir contra mis ideales.\u00bb &#8211; Ch\u00e1vez"},"content":{"rendered":"<p>Nota: Redacci\u00f3n Tuzologia<\/p>\n<p>A pesar de que los Rayados pusieron sobre la mesa una tentadora oferta por el mediocampista de los Tuzos, Luis Ch\u00e1vez, el canterano blanquiazul se mantiene firme en su postura y en entrevista con Hugo Ram\u00edrez de TUDN, explic\u00f3 sus razones para no firmar con el conjunto del norte del pa\u00eds.<\/p>\n<p>El seleccionado nacional se\u00f1al\u00f3 que tiene la mente puesta en perseguir su sue\u00f1o de emigrar al f\u00fatbol europeo, y un traspaso en este momento significar\u00eda complicar la situaci\u00f3n en pos de eso. \u201cM\u00e1s que nada por eso, obviamente ir a otro equipo en M\u00e9xico, ir\u00eda en contra de mis ideales, no estar\u00eda contento conmigo mismo y por eso he tomado esta decisi\u00f3n\u201d. &#8211; declar\u00f3 contundentemente.<\/p>\n<p>En esa misma l\u00ednea el futbolista nacido en el estado de Jalisco, descart\u00f3 que sea un desaire al club que qued\u00f3 eliminado a manos del Pachuca en la \u00faltima semifinal, pues para \u00e9l es claro el anhelo que tiene de emigrar. \u201cCon Monterrey o cualquier otro equipo mi decisi\u00f3n habr\u00eda sido la misma. Mi objetivo es ir a Europa. Yo creo que si llego a salir a otro club me ser\u00e1 m\u00e1s dif\u00edcil poder ir. Quiz\u00e1s es m\u00e1s dif\u00edcil por mi edad, pero yo quiero seguir mi sue\u00f1o\u201d.<\/p>\n<p>Con este tema cerrado, Ch\u00e1vez y los Tuzos comenzar\u00e1n su participaci\u00f3n en el Clausura 2023 el pr\u00f3ximo lunes enfrentando a Puebla en el estadio Hidalgo en punto de las 19:00 hrs.<\/p>\n<blockquote class=\"twitter-tweet\">\n<p lang=\"es\" dir=\"ltr\">\ud83d\udea8\ud83d\udc2d\ud83d\udd25 Banda <a href=\"https:\/\/twitter.com\/hashtag\/Pachuca?src=hash&amp;ref_src=twsrc%5Etfw\">#Pachuca<\/a><\/p>\n<p>De viva voz. Las razones de <a href=\"https:\/\/twitter.com\/Lc24C?ref_src=twsrc%5Etfw\">@Lc24C<\/a> por permanecer con los <a href=\"https:\/\/twitter.com\/Tuzos?ref_src=twsrc%5Etfw\">@Tuzos<\/a>.<\/p>\n<p>BUSCAR SU SUE\u00d1O EUROPEO, ese\u2026 el MOTOR.<\/p>\n<p>Ah\u00ed lo tienen. \ud83d\udc4f\ud83c\udffb<a href=\"https:\/\/twitter.com\/TUDNMEX?ref_src=twsrc%5Etfw\">@TUDNMEX<\/a> <a href=\"https:\/\/twitter.com\/TUDNUSA?ref_src=twsrc%5Etfw\">@TUDNUSA<\/a> <a href=\"https:\/\/t.co\/nI6773Gzzt\">pic.twitter.com\/nI6773Gzzt<\/a><\/p>\n<p>\u2014 Hugo Ramirez (Chef) (@elchefhugord) <a href=\"https:\/\/twitter.com\/elchefhugord\/status\/1610727771990528000?ref_src=twsrc%5Etfw\">January 4, 2023<\/a><\/p><\/blockquote>\n<p><script async=\"\" src=\"https:\/\/platform.twitter.com\/widgets.js\" charset=\"utf-8\"><\/script><\/p>\n","protected":false},"excerpt":{"rendered":"<p>Nota: Redacci\u00f3n Tuzologia A pesar de que los Rayados pusieron sobre la mesa una tentadora oferta por el mediocampista de los Tuzos, Luis Ch\u00e1vez, el<\/p>\n","protected":false},"author":1,"featured_media":99,"comment_status":"open","ping_status":"open","sticky":false,"template":"","format":"standard","meta":{"_jetpack_memberships_contains_paid_content":false,"footnotes":""},"categories":[1],"tags":[],"class_list":["post-256","post","type-post","status-publish","format-standard","has-post-thumbnail","hentry","category-uncategorized"],"jetpack_sharing_enabled":true,"jetpack_featured_media_url":"http:\/\/www.tuzologia.net\/wp-content\/uploads\/2022\/08\/FB44BA93-17C0-4B6C-9631-5A8CFC08F1C0.jpeg","_links":{"self":[{"href":"http:\/\/www.tuzologia.net\/index.php?rest_route=\/wp\/v2\/posts\/256","targetHints":{"allow":["GET"]}}],"collection":[{"href":"http:\/\/www.tuzologia.net\/index.php?rest_route=\/wp\/v2\/posts"}],"about":[{"href":"http:\/\/www.tuzologia.net\/index.php?rest_route=\/wp\/v2\/types\/post"}],"author":[{"embeddable":true,"href":"http:\/\/www.tuzologia.net\/index.php?rest_route=\/wp\/v2\/users\/1"}],"replies":[{"embeddable":true,"href":"http:\/\/www.tuzologia.net\/index.php?rest_route=%2Fwp%2Fv2%2Fcomments&post=256"}],"version-history":[{"count":1,"href":"http:\/\/www.tuzologia.net\/index.php?rest_route=\/wp\/v2\/posts\/256\/revisions"}],"predecessor-version":[{"id":257,"href":"http:\/\/www.tuzologia.net\/index.php?rest_route=\/wp\/v2\/posts\/256\/revisions\/257"}],"wp:featuredmedia":[{"embeddable":true,"href":"http:\/\/www.tuzologia.net\/index.php?rest_route=\/wp\/v2\/media\/99"}],"wp:attachment":[{"href":"http:\/\/www.tuzologia.net\/index.php?rest_route=%2Fwp%2Fv2%2Fmedia&parent=256"}],"wp:term":[{"taxonomy":"category","embeddable":true,"href":"http:\/\/www.tuzologia.net\/index.php?rest_route=%2Fwp%2Fv2%2Fcategories&post=256"},{"taxonomy":"post_tag","embeddable":true,"href":"http:\/\/www.tuzologia.net\/index.php?rest_route=%2Fwp%2Fv2%2Ftags&post=256"}],"curies":[{"name":"wp","href":"https:\/\/api.w.org\/{rel}","templated":true}]}}