{"id":21,"date":"2022-07-17T20:27:07","date_gmt":"2022-07-17T20:27:07","guid":{"rendered":"http:\/\/www.tuzologia.net\/?p=21"},"modified":"2022-07-17T20:27:07","modified_gmt":"2022-07-17T20:27:07","slug":"daniel-aceves-es-nuevo-jugador-del-real-oviedo","status":"publish","type":"post","link":"http:\/\/www.tuzologia.net\/?p=21","title":{"rendered":"Daniel Aceves es nuevo jugador del Real Oviedo."},"content":{"rendered":"<p>Por: Eduardo H.<br \/>\nFoto: Eduardo H.<\/p>\n<p>Los Tuzos colocaron un nuevo canterano en el balompi\u00e9 europeo. Daniel Alonso Aceves de 21 a\u00f1os se convirti\u00f3 en nuevo jugador del Real Oviedo seg\u00fan lo inform\u00f3 el conjunto espa\u00f1ol. El lateral izquierdo se marcha cedido por toda la temporada 2022\/23.<\/p>\n<p>A trav\u00e9s de su comunicado, el conjunto asturiano destac\u00f3 la corta pero prol\u00edfica trayectoria donde en seis meses se adue\u00f1\u00f3 de la lateral izquierda de los Tuzos, disputando pr\u00e1cticamente todos los minutos del Clausura 2022.<\/p>\n<p>Aceves estuvo con la cantera Tuza desde 2016, participando en todas las categor\u00edas posibles desde la sub-15, debutando el 7 de noviembre del 2020 enfrentando a Necaxa, bajo la direcci\u00f3n t\u00e9cnica de Paulo Pezzolano.<\/p>\n<p>Se especulaba que el futbolista mexiquense tuviera continuidad en su proceso este torneo, siendo respaldado por la directiva, que le otorg\u00f3 el dorsal n\u00famero 3, aunque la compra del Real Oviedo cambi\u00f3 las cosas para el joven futbolista que vivir\u00e1 su primera experiencia europea.<\/p>\n<p>Mucha suerte a Alonso en esta nueva etapa en su carrera.<\/p>\n","protected":false},"excerpt":{"rendered":"<p>Por: Eduardo H. Foto: Eduardo H. Los Tuzos colocaron un nuevo canterano en el balompi\u00e9 europeo. Daniel Alonso Aceves de 21 a\u00f1os se convirti\u00f3 en<\/p>\n","protected":false},"author":1,"featured_media":22,"comment_status":"open","ping_status":"open","sticky":false,"template":"","format":"standard","meta":{"_jetpack_memberships_contains_paid_content":false,"footnotes":""},"categories":[1],"tags":[],"class_list":["post-21","post","type-post","status-publish","format-standard","has-post-thumbnail","hentry","category-uncategorized"],"jetpack_sharing_enabled":true,"jetpack_featured_media_url":"http:\/\/www.tuzologia.net\/wp-content\/uploads\/2022\/07\/C1DE1B5A-BA12-4FB2-A021-C5A03459E6D2.jpeg","_links":{"self":[{"href":"http:\/\/www.tuzologia.net\/index.php?rest_route=\/wp\/v2\/posts\/21","targetHints":{"allow":["GET"]}}],"collection":[{"href":"http:\/\/www.tuzologia.net\/index.php?rest_route=\/wp\/v2\/posts"}],"about":[{"href":"http:\/\/www.tuzologia.net\/index.php?rest_route=\/wp\/v2\/types\/post"}],"author":[{"embeddable":true,"href":"http:\/\/www.tuzologia.net\/index.php?rest_route=\/wp\/v2\/users\/1"}],"replies":[{"embeddable":true,"href":"http:\/\/www.tuzologia.net\/index.php?rest_route=%2Fwp%2Fv2%2Fcomments&post=21"}],"version-history":[{"count":1,"href":"http:\/\/www.tuzologia.net\/index.php?rest_route=\/wp\/v2\/posts\/21\/revisions"}],"predecessor-version":[{"id":23,"href":"http:\/\/www.tuzologia.net\/index.php?rest_route=\/wp\/v2\/posts\/21\/revisions\/23"}],"wp:featuredmedia":[{"embeddable":true,"href":"http:\/\/www.tuzologia.net\/index.php?rest_route=\/wp\/v2\/media\/22"}],"wp:attachment":[{"href":"http:\/\/www.tuzologia.net\/index.php?rest_route=%2Fwp%2Fv2%2Fmedia&parent=21"}],"wp:term":[{"taxonomy":"category","embeddable":true,"href":"http:\/\/www.tuzologia.net\/index.php?rest_route=%2Fwp%2Fv2%2Fcategories&post=21"},{"taxonomy":"post_tag","embeddable":true,"href":"http:\/\/www.tuzologia.net\/index.php?rest_route=%2Fwp%2Fv2%2Ftags&post=21"}],"curies":[{"name":"wp","href":"https:\/\/api.w.org\/{rel}","templated":true}]}}