{"id":170,"date":"2022-09-30T16:44:30","date_gmt":"2022-09-30T16:44:30","guid":{"rendered":"http:\/\/www.tuzologia.net\/?p=170"},"modified":"2022-09-30T16:44:30","modified_gmt":"2022-09-30T16:44:30","slug":"cabral-pachuca-es-un-equipo-que-se-hace-respetar","status":"publish","type":"post","link":"http:\/\/www.tuzologia.net\/?p=170","title":{"rendered":"Cabral: \u201dPachuca es un equipo que se hace respetar\u201d."},"content":{"rendered":"<p>Por: Redacci\u00f3n Tuzologia<br \/>\nImagen: Edgar L\u00f3pez<\/p>\n<p>En una entrevista recopilada por el peri\u00f3dico Criterio, el defensor de los Tuzos Gustavo Cabral fue contundente al se\u00f1alar que el Pachuca es un equipo que ha sabido ganarse el respeto de los rivales. El \u2018Sargento\u2019 se\u00f1al\u00f3 que el trabajo que se viene realizando con el Profesor Almada, ocasiona que los rivales le jueguen de una manera particular.<\/p>\n<p>\u201cHoy estamos viendo a un Pachuca s\u00f3lido, con una base y sabe a lo que juega. Cuando sale a un campo de juego, los rivales lo respetan much\u00edsimo. Yo creo que los rivales piensan: \u201cMe toca Pachuca, son muy intensos y no dejan de correr. Este plantel se ha ganado un respeto\u201d. &#8211; expres\u00f3.<\/p>\n<p>El zaguero central, reconoci\u00f3 que la intensidad es el pan de cada d\u00eda en la disciplina Tuza, donde la palabra descanso pasa a segundo t\u00e9rmino para priorizar el trabajo duro en el d\u00eda a d\u00eda. \u201cDescanso, no es una palabra que no utilizamos mucho. Trabajamos con intensidad. Tuvimos el partido contra Philadelphia el cual estuvo bien porque queremos seguir compitiendo\u201d.<\/p>\n<p>Finalemte Cabral comparti\u00f3 un poco sobre su rol en el vestidor como uno de los jugadores m\u00e1s experimentados y que ayudan a guiar a los elementos m\u00e1s j\u00f3venes de la plantilla.<\/p>\n<p>\u201cLo que hacemos los m\u00e1s grandes es acompa\u00f1ar a los m\u00e1s chicos para que puedan desplegar todo su juego, tanto \u00d3scar (Ustari) como yo los ordenamos y los chicos lo aceptan bien. No es s\u00f3lo saber hablar sino que el receptor sepa escuchar\u201d- concluy\u00f3.<\/p>\n","protected":false},"excerpt":{"rendered":"<p>Por: Redacci\u00f3n Tuzologia Imagen: Edgar L\u00f3pez En una entrevista recopilada por el peri\u00f3dico Criterio, el defensor de los Tuzos Gustavo Cabral fue contundente al se\u00f1alar<\/p>\n","protected":false},"author":1,"featured_media":171,"comment_status":"open","ping_status":"open","sticky":false,"template":"","format":"standard","meta":{"_jetpack_memberships_contains_paid_content":false,"footnotes":""},"categories":[12],"tags":[],"class_list":["post-170","post","type-post","status-publish","format-standard","has-post-thumbnail","hentry","category-gustavo-cabral"],"jetpack_sharing_enabled":true,"jetpack_featured_media_url":"http:\/\/www.tuzologia.net\/wp-content\/uploads\/2022\/09\/44969FAC-9670-46AA-AED6-542A515D1F6A.jpeg","_links":{"self":[{"href":"http:\/\/www.tuzologia.net\/index.php?rest_route=\/wp\/v2\/posts\/170","targetHints":{"allow":["GET"]}}],"collection":[{"href":"http:\/\/www.tuzologia.net\/index.php?rest_route=\/wp\/v2\/posts"}],"about":[{"href":"http:\/\/www.tuzologia.net\/index.php?rest_route=\/wp\/v2\/types\/post"}],"author":[{"embeddable":true,"href":"http:\/\/www.tuzologia.net\/index.php?rest_route=\/wp\/v2\/users\/1"}],"replies":[{"embeddable":true,"href":"http:\/\/www.tuzologia.net\/index.php?rest_route=%2Fwp%2Fv2%2Fcomments&post=170"}],"version-history":[{"count":1,"href":"http:\/\/www.tuzologia.net\/index.php?rest_route=\/wp\/v2\/posts\/170\/revisions"}],"predecessor-version":[{"id":172,"href":"http:\/\/www.tuzologia.net\/index.php?rest_route=\/wp\/v2\/posts\/170\/revisions\/172"}],"wp:featuredmedia":[{"embeddable":true,"href":"http:\/\/www.tuzologia.net\/index.php?rest_route=\/wp\/v2\/media\/171"}],"wp:attachment":[{"href":"http:\/\/www.tuzologia.net\/index.php?rest_route=%2Fwp%2Fv2%2Fmedia&parent=170"}],"wp:term":[{"taxonomy":"category","embeddable":true,"href":"http:\/\/www.tuzologia.net\/index.php?rest_route=%2Fwp%2Fv2%2Fcategories&post=170"},{"taxonomy":"post_tag","embeddable":true,"href":"http:\/\/www.tuzologia.net\/index.php?rest_route=%2Fwp%2Fv2%2Ftags&post=170"}],"curies":[{"name":"wp","href":"https:\/\/api.w.org\/{rel}","templated":true}]}}