{"id":1631,"date":"2026-01-07T16:06:06","date_gmt":"2026-01-07T16:06:06","guid":{"rendered":"http:\/\/www.tuzologia.net\/?p=1631"},"modified":"2026-01-07T19:13:04","modified_gmt":"2026-01-07T19:13:04","slug":"christian-rivera-nuevo-jugador-tuzo","status":"publish","type":"post","link":"http:\/\/www.tuzologia.net\/?p=1631","title":{"rendered":"Christian Rivera, nuevo jugador tuzo"},"content":{"rendered":"<p>Por: Redacci\u00f3n Tuzologia<\/p>\n<blockquote class=\"twitter-tweet\">\n<p dir=\"ltr\" lang=\"es\">\ud835\uddd5\ud835\udddc\ud835\uddd8\ud835\udde1\ud835\udde9\ud835\uddd8\ud835\udde1\ud835\udddc\ud835\uddd7\ud835\udde2 \ud835\uddd4 \ud835\udddf\ud835\uddd4 \ud835\uddd6\ud835\udddc\ud835\udde8\ud835\uddd7\ud835\uddd4\ud835\uddd7 \ud835\uddd7\ud835\udde2\ud835\udde1\ud835\uddd7\ud835\uddd8 \ud835\udde1\ud835\uddd4\ud835\uddd6\ud835\uddd8 \ud835\uddd8\ud835\udddf \ud835\udde9\ud835\udddc\ud835\uddd8\ud835\udde1\ud835\udde7\ud835\udde2 \ud83c\udf2c\ufe0f<\/p>\n<p>Los <a href=\"https:\/\/twitter.com\/Tuzos?ref_src=twsrc%5Etfw\">@Tuzos<\/a> le dan la bienvenida a Christian Rivera como tercer refuerzo para el Clausura 2026.<\/p>\n<p>\ud83d\udee1\ufe0f El medio campo blanquiazul se fortalece \ud83d\udcaa <a href=\"https:\/\/t.co\/dAWKw4EFao\">pic.twitter.com\/dAWKw4EFao<\/a><\/p>\n<p>\u2014 Tuzologia.net (@Tuzologia) <a href=\"https:\/\/twitter.com\/Tuzologia\/status\/2008683984960541013?ref_src=twsrc%5Etfw\">January 6, 2026<\/a><\/p>\n<\/blockquote>\n<p><script async src=\"https:\/\/platform.twitter.com\/widgets.js\" charset=\"utf-8\"><\/script><br \/>Los Tuzos del Pachuca sumaron a su tercer refuerzo de cara al Clausura 2026. Se trata del colombiano Christian Rivera quien llega proveniente del Sport Recife de Brasil. El mediocampista colombiano llega a fortalecer el centro del campo blanquiazul de cara al siguiente torneo.<\/p>\n<p>Rivera comenz\u00f3 su carrera en Deportivo Pasto, equipo de su pa\u00eds, cedido desde el deportivo Cali, club donde se form\u00f3. En total en ambos clubes disput\u00f3 138 partidos donde anot\u00f3 11 goles antes de dar el salto al f\u00fatbol mexicano.<\/p>\n<p>En 2020 Rivera fue adquirido por Grupo Caliente, aunque se incorpor\u00f3 a los Xolos hasta 2021. Dos a\u00f1os jug\u00f3 con el conjunto fronterizo, antes de salir cedido un semestre a los Gallos de Quer\u00e9taro, equipo del mismo grupo, donde estuvo solamente por un torneo, jugando 16 partidos antes de volver a Xolos.<\/p>\n<blockquote class=\"twitter-tweet\">\n<p dir=\"ltr\" lang=\"es\">\ud83d\udee1\ufe0f | El eco de su presencia retumba listo para nuevas batallas:<\/p>\n<p>\u00a1Por la gloria y el camino que nos une! \u2694\ufe0f <a href=\"https:\/\/t.co\/vYHHGnXpa8\">pic.twitter.com\/vYHHGnXpa8<\/a><\/p>\n<p>\u2014 Club de Futbol Pachuca (@Tuzos) <a href=\"https:\/\/twitter.com\/Tuzos\/status\/2008682493973823500?ref_src=twsrc%5Etfw\">January 6, 2026<\/a><\/p>\n<\/blockquote>\n<p><script async src=\"https:\/\/platform.twitter.com\/widgets.js\" charset=\"utf-8\"><\/script><br \/>En total entre sus dos periodos en Tijuana, Rivera disput\u00f3 149 partidos, consiguiendo una suma de 14 goles y 3 asistencias, despertando el inter\u00e9s del brasileirao a inicios del 2025. Su nuevo equipo el Sport Recife adquiri\u00f3 su ficha por cerca de 3 millones, sin embargo el descenso de dicho club, favoreci\u00f3 para su venta a los Tuzos del Pachuca.<\/p>\n<p>Ahora en Enero de 2025 desembarca en la capital hidalguense apuntalando el centro del campo y buscando hacer una buena mancuerna con los canteranos blanquiazules como Pedro Pedraza y El\u00edas Montiel.<\/p>\n\n\n<figure class=\"wp-block-image size-large\"><img loading=\"lazy\" decoding=\"async\" width=\"1024\" height=\"1024\" src=\"http:\/\/www.tuzologia.net\/wp-content\/uploads\/2026\/01\/WhatsApp-Image-2026-01-06-at-18.11.05-1024x1024.jpeg\" alt=\"\" class=\"wp-image-1632\" srcset=\"http:\/\/www.tuzologia.net\/wp-content\/uploads\/2026\/01\/WhatsApp-Image-2026-01-06-at-18.11.05-1024x1024.jpeg 1024w, http:\/\/www.tuzologia.net\/wp-content\/uploads\/2026\/01\/WhatsApp-Image-2026-01-06-at-18.11.05-300x300.jpeg 300w, http:\/\/www.tuzologia.net\/wp-content\/uploads\/2026\/01\/WhatsApp-Image-2026-01-06-at-18.11.05-150x150.jpeg 150w, http:\/\/www.tuzologia.net\/wp-content\/uploads\/2026\/01\/WhatsApp-Image-2026-01-06-at-18.11.05-768x768.jpeg 768w, http:\/\/www.tuzologia.net\/wp-content\/uploads\/2026\/01\/WhatsApp-Image-2026-01-06-at-18.11.05-1170x1170.jpeg 1170w, http:\/\/www.tuzologia.net\/wp-content\/uploads\/2026\/01\/WhatsApp-Image-2026-01-06-at-18.11.05.jpeg 1280w\" sizes=\"auto, (max-width: 1024px) 100vw, 1024px\" \/><\/figure>\n","protected":false},"excerpt":{"rendered":"<p>Por: Redacci\u00f3n Tuzologia \ud835\uddd5\ud835\udddc\ud835\uddd8\ud835\udde1\ud835\udde9\ud835\uddd8\ud835\udde1\ud835\udddc\ud835\uddd7\ud835\udde2 \ud835\uddd4 \ud835\udddf\ud835\uddd4 \ud835\uddd6\ud835\udddc\ud835\udde8\ud835\uddd7\ud835\uddd4\ud835\uddd7 \ud835\uddd7\ud835\udde2\ud835\udde1\ud835\uddd7\ud835\uddd8 \ud835\udde1\ud835\uddd4\ud835\uddd6\ud835\uddd8 \ud835\uddd8\ud835\udddf \ud835\udde9\ud835\udddc\ud835\uddd8\ud835\udde1\ud835\udde7\ud835\udde2 \ud83c\udf2c\ufe0f Los @Tuzos le dan la bienvenida a Christian Rivera como tercer refuerzo para<\/p>\n","protected":false},"author":1,"featured_media":1633,"comment_status":"open","ping_status":"open","sticky":false,"template":"","format":"standard","meta":{"_jetpack_memberships_contains_paid_content":false,"footnotes":""},"categories":[16,4],"tags":[],"class_list":["post-1631","post","type-post","status-publish","format-standard","has-post-thumbnail","hentry","category-fichajes","category-liga-mx"],"jetpack_sharing_enabled":true,"jetpack_featured_media_url":"http:\/\/www.tuzologia.net\/wp-content\/uploads\/2026\/01\/rivera.jpg","_links":{"self":[{"href":"http:\/\/www.tuzologia.net\/index.php?rest_route=\/wp\/v2\/posts\/1631","targetHints":{"allow":["GET"]}}],"collection":[{"href":"http:\/\/www.tuzologia.net\/index.php?rest_route=\/wp\/v2\/posts"}],"about":[{"href":"http:\/\/www.tuzologia.net\/index.php?rest_route=\/wp\/v2\/types\/post"}],"author":[{"embeddable":true,"href":"http:\/\/www.tuzologia.net\/index.php?rest_route=\/wp\/v2\/users\/1"}],"replies":[{"embeddable":true,"href":"http:\/\/www.tuzologia.net\/index.php?rest_route=%2Fwp%2Fv2%2Fcomments&post=1631"}],"version-history":[{"count":1,"href":"http:\/\/www.tuzologia.net\/index.php?rest_route=\/wp\/v2\/posts\/1631\/revisions"}],"predecessor-version":[{"id":1634,"href":"http:\/\/www.tuzologia.net\/index.php?rest_route=\/wp\/v2\/posts\/1631\/revisions\/1634"}],"wp:featuredmedia":[{"embeddable":true,"href":"http:\/\/www.tuzologia.net\/index.php?rest_route=\/wp\/v2\/media\/1633"}],"wp:attachment":[{"href":"http:\/\/www.tuzologia.net\/index.php?rest_route=%2Fwp%2Fv2%2Fmedia&parent=1631"}],"wp:term":[{"taxonomy":"category","embeddable":true,"href":"http:\/\/www.tuzologia.net\/index.php?rest_route=%2Fwp%2Fv2%2Fcategories&post=1631"},{"taxonomy":"post_tag","embeddable":true,"href":"http:\/\/www.tuzologia.net\/index.php?rest_route=%2Fwp%2Fv2%2Ftags&post=1631"}],"curies":[{"name":"wp","href":"https:\/\/api.w.org\/{rel}","templated":true}]}}