{"id":1507,"date":"2025-09-06T22:32:17","date_gmt":"2025-09-06T22:32:17","guid":{"rendered":"http:\/\/www.tuzologia.net\/?p=1507"},"modified":"2025-09-06T22:37:37","modified_gmt":"2025-09-06T22:37:37","slug":"pachuca-enfrento-al-tri-sub-20","status":"publish","type":"post","link":"http:\/\/www.tuzologia.net\/?p=1507","title":{"rendered":"Pachuca enfrent\u00f3 al Tri sub-20 en amistoso"},"content":{"rendered":"<p>Nota: Redacci\u00f3n Tuzologia<br \/>\nImagen: Club Pachuca<\/p>\n<p>Este s\u00e1bado 6 de septiembre, los Tuzos del Pachuca sostuvieron un partido de preparaci\u00f3n con la selecci\u00f3n nacional sub-20, la cual se est\u00e1 preparando para encarar el mundial de la categor\u00eda en Chile a finales de este mismo mes. <\/p>\n<p>El encuentro celebrado en la cancha del Estadio Hidalgo enfrent\u00f3 a los dirigidos por Jaime Lozano, frente al tricolor dirigido por Eduardo Arce, que cont\u00f3 con la presencia de los blanquiazules El\u00edas Montiel y Alexei Dom\u00ednguez, mientras que Pachuca adem\u00e1s de estas dos ausencias, no pudo contar con su arquero y capit\u00e1n Carlos Moreno quien est\u00e1 concentrado con el tricolor mayor. <\/p>\n<p>El encuentro se disput\u00f3 a cuatro tiempos de 30 minutos cada uno donde ambos entrenadores pudieron visualizar pr\u00e1cticamente a todos los jugadores que tienen disponibles para encarar tanto la liga local, en el caso de los Tuzos, como la justa mundialista en el caso del tricolor. <\/p>\n<p>En cuanto al tr\u00e1mite del encuenrro, no salieron muchos detalles, salvo que el gol de Pachuca cay\u00f3 en el segundo de los cuatro tiempos por conducto de Illian Hern\u00e1ndez, mientras que Mateo Levy igual\u00f3 para los tricolores durante el tercer periodo gracias a un cobro de penal. Finalmente, Jhovani Valle fue el encargado de darle el triunfo al combinado nacional en el \u00faltimo de los 4 periodos de juego. <\/p>\n<p>Con este encuentro, ambos conjuntos mantienen ritmo de competencia de cara a todo lo que viene para ambos conjuntos durante el mes de septiembre. <\/p>\n","protected":false},"excerpt":{"rendered":"<p>Nota: Redacci\u00f3n Tuzologia Imagen: Club Pachuca Este s\u00e1bado 6 de septiembre, los Tuzos del Pachuca sostuvieron un partido de preparaci\u00f3n con la selecci\u00f3n nacional sub-20,<\/p>\n","protected":false},"author":1,"featured_media":1508,"comment_status":"open","ping_status":"open","sticky":false,"template":"","format":"standard","meta":{"_jetpack_memberships_contains_paid_content":false,"footnotes":""},"categories":[21],"tags":[],"class_list":["post-1507","post","type-post","status-publish","format-standard","has-post-thumbnail","hentry","category-amistosos"],"jetpack_sharing_enabled":true,"jetpack_featured_media_url":"http:\/\/www.tuzologia.net\/wp-content\/uploads\/2025\/09\/pacmex.jpg","_links":{"self":[{"href":"http:\/\/www.tuzologia.net\/index.php?rest_route=\/wp\/v2\/posts\/1507","targetHints":{"allow":["GET"]}}],"collection":[{"href":"http:\/\/www.tuzologia.net\/index.php?rest_route=\/wp\/v2\/posts"}],"about":[{"href":"http:\/\/www.tuzologia.net\/index.php?rest_route=\/wp\/v2\/types\/post"}],"author":[{"embeddable":true,"href":"http:\/\/www.tuzologia.net\/index.php?rest_route=\/wp\/v2\/users\/1"}],"replies":[{"embeddable":true,"href":"http:\/\/www.tuzologia.net\/index.php?rest_route=%2Fwp%2Fv2%2Fcomments&post=1507"}],"version-history":[{"count":2,"href":"http:\/\/www.tuzologia.net\/index.php?rest_route=\/wp\/v2\/posts\/1507\/revisions"}],"predecessor-version":[{"id":1510,"href":"http:\/\/www.tuzologia.net\/index.php?rest_route=\/wp\/v2\/posts\/1507\/revisions\/1510"}],"wp:featuredmedia":[{"embeddable":true,"href":"http:\/\/www.tuzologia.net\/index.php?rest_route=\/wp\/v2\/media\/1508"}],"wp:attachment":[{"href":"http:\/\/www.tuzologia.net\/index.php?rest_route=%2Fwp%2Fv2%2Fmedia&parent=1507"}],"wp:term":[{"taxonomy":"category","embeddable":true,"href":"http:\/\/www.tuzologia.net\/index.php?rest_route=%2Fwp%2Fv2%2Fcategories&post=1507"},{"taxonomy":"post_tag","embeddable":true,"href":"http:\/\/www.tuzologia.net\/index.php?rest_route=%2Fwp%2Fv2%2Ftags&post=1507"}],"curies":[{"name":"wp","href":"https:\/\/api.w.org\/{rel}","templated":true}]}}