{"id":1443,"date":"2025-07-26T06:12:32","date_gmt":"2025-07-26T06:12:32","guid":{"rendered":"http:\/\/www.tuzologia.net\/?p=1443"},"modified":"2025-07-26T06:12:34","modified_gmt":"2025-07-26T06:12:34","slug":"william-carvalho-es-nuevo-jugador-de-los-tuzos","status":"publish","type":"post","link":"http:\/\/www.tuzologia.net\/?p=1443","title":{"rendered":"William Carvalho es nuevo jugador de los Tuzos"},"content":{"rendered":"<p>Nota: Redacci\u00f3n Tuzologia<\/p>\n<blockquote class=\"twitter-tweet\">\n<p lang=\"es\" dir=\"ltr\">\ud83c\udfae | Nacido para vencer: \u00a1LLEG\u00d3 A PACHUCA POR M\u00c1S HISTORIA! \ud83e\udd0d\ud83d\udc99<\/p>\n<p>Disponible en: <a href=\"https:\/\/twitter.com\/LigaBBVAMX?ref_src=twsrc%5Etfw\">@LigaBBVAMX<\/a> \/ <a href=\"https:\/\/twitter.com\/LeaguesCup?ref_src=twsrc%5Etfw\">@LeaguesCup<\/a> <a href=\"https:\/\/t.co\/uzVIhVeH9Q\">pic.twitter.com\/uzVIhVeH9Q<\/a><\/p>\n<p>&mdash; Club Pachuca (@Tuzos) <a href=\"https:\/\/twitter.com\/Tuzos\/status\/1948905370031698425?ref_src=twsrc%5Etfw\">July 26, 2025<\/a><\/p><\/blockquote>\n<p> <script async src=\"https:\/\/platform.twitter.com\/widgets.js\" charset=\"utf-8\"><\/script><br \/>\nLa tarde de este viernes, los Tuzos del Pachuca le dieron la bienvenida a William Carvalho, seleccionado portugu\u00e9s que recientemente qued\u00f3 desvinculado del Real Betis y que termin\u00f3 recalando en la entidad hidalguense. Carvalho de 33 a\u00f1os de edad fue seleccionado portugu\u00e9s y conquist\u00f3 la Euro 2016 y la Nations League con la selecci\u00f3n lusitana. <\/p>\n<p>A pesar de que originalmente naci\u00f3 en Angola, Carvalho desde muy joven se incorpor\u00f3 a las categor\u00edas del Sporting de Lisboa, mismo club donde debut\u00f3 Cristiano Ronaldo, logrando escalar r\u00e1pidamente hasta el primer equipo donde debut\u00f3 a los 18 a\u00f1os en 2011, aunque tuvo que salir cedido al C.D. F\u00e1tima de la tercera divisi\u00f3n portuguesa y posteriormente al Cercle Brugge de B\u00e9lgica donde demostr\u00f3 su talento a lo largo de 52 apariciones. <\/p>\n<p>Su desempe\u00f1o en B\u00e9lgica hizo que el Sporting de Lisboa lo recuperara para la temporada 2013-2014 consolid\u00e1ndose as\u00ed en un indiscutible dentro del medio campo del Sporting a lo largo de los 5 a\u00f1os que defendi\u00f3 la camiseta de dicho club. En total disput\u00f3 193 encuentros con el club de Lisboa, donde anot\u00f3 11 goles y aport\u00f3 13 asistencias. <\/p>\n<p>Para 2018, Carvalho emigr\u00f3 a LaLiga para defender los colores del Betis, convirti\u00e9ndose una vez m\u00e1s en un jugador clave. 223 apariciones con el conjunto sevillano en las que marc\u00f3 otros 11 tantos y aport\u00f3 16 asistencias lo encumbraron como uno de los jugadores favoritos de la afici\u00f3n del Benito Villamar\u00edn. <\/p>\n<p>En cuanto a sus n\u00fameros con selecci\u00f3n nacional, hizo su debut en 2013 a la edad de 20 a\u00f1os de la mano de Paulo Bento y en total contabiliz\u00f3 80 apariciones con el combinado nacional, anotando 5 goles y formando parte de las primeras dos grandes conquistas continentales de dicha selecci\u00f3n, aunque desde Qatar 2022 no fue contemplado m\u00e1s para la selecci\u00f3n. <\/p>\n<p>Tras concluir su contrato con el Betis, a Carvalho se le present\u00f3 la oportunidad de venir a M\u00e9xico con Pachuca, club con el que ha firmado por un a\u00f1o con opci\u00f3n a otro m\u00e1s seg\u00fan revelan fuentes y si bien ya lleg\u00f3 a M\u00e9xico, lo m\u00e1s probable es que haga su debut en la Leagues Cup que comienza la pr\u00f3xima semana. <\/p>\n","protected":false},"excerpt":{"rendered":"<p>Nota: Redacci\u00f3n Tuzologia \ud83c\udfae | Nacido para vencer: \u00a1LLEG\u00d3 A PACHUCA POR M\u00c1S HISTORIA! \ud83e\udd0d\ud83d\udc99 Disponible en: @LigaBBVAMX \/ @LeaguesCup pic.twitter.com\/uzVIhVeH9Q &mdash; Club Pachuca (@Tuzos)<\/p>\n","protected":false},"author":1,"featured_media":1444,"comment_status":"open","ping_status":"open","sticky":false,"template":"","format":"standard","meta":{"_jetpack_memberships_contains_paid_content":false,"footnotes":""},"categories":[16,4],"tags":[],"class_list":["post-1443","post","type-post","status-publish","format-standard","has-post-thumbnail","hentry","category-fichajes","category-liga-mx"],"jetpack_sharing_enabled":true,"jetpack_featured_media_url":"http:\/\/www.tuzologia.net\/wp-content\/uploads\/2025\/07\/William-Carvalho.jpg","_links":{"self":[{"href":"http:\/\/www.tuzologia.net\/index.php?rest_route=\/wp\/v2\/posts\/1443","targetHints":{"allow":["GET"]}}],"collection":[{"href":"http:\/\/www.tuzologia.net\/index.php?rest_route=\/wp\/v2\/posts"}],"about":[{"href":"http:\/\/www.tuzologia.net\/index.php?rest_route=\/wp\/v2\/types\/post"}],"author":[{"embeddable":true,"href":"http:\/\/www.tuzologia.net\/index.php?rest_route=\/wp\/v2\/users\/1"}],"replies":[{"embeddable":true,"href":"http:\/\/www.tuzologia.net\/index.php?rest_route=%2Fwp%2Fv2%2Fcomments&post=1443"}],"version-history":[{"count":1,"href":"http:\/\/www.tuzologia.net\/index.php?rest_route=\/wp\/v2\/posts\/1443\/revisions"}],"predecessor-version":[{"id":1445,"href":"http:\/\/www.tuzologia.net\/index.php?rest_route=\/wp\/v2\/posts\/1443\/revisions\/1445"}],"wp:featuredmedia":[{"embeddable":true,"href":"http:\/\/www.tuzologia.net\/index.php?rest_route=\/wp\/v2\/media\/1444"}],"wp:attachment":[{"href":"http:\/\/www.tuzologia.net\/index.php?rest_route=%2Fwp%2Fv2%2Fmedia&parent=1443"}],"wp:term":[{"taxonomy":"category","embeddable":true,"href":"http:\/\/www.tuzologia.net\/index.php?rest_route=%2Fwp%2Fv2%2Fcategories&post=1443"},{"taxonomy":"post_tag","embeddable":true,"href":"http:\/\/www.tuzologia.net\/index.php?rest_route=%2Fwp%2Fv2%2Ftags&post=1443"}],"curies":[{"name":"wp","href":"https:\/\/api.w.org\/{rel}","templated":true}]}}