{"id":1440,"date":"2025-07-21T19:04:28","date_gmt":"2025-07-21T19:04:28","guid":{"rendered":"http:\/\/www.tuzologia.net\/?p=1440"},"modified":"2025-07-21T19:05:16","modified_gmt":"2025-07-21T19:05:16","slug":"alemao-es-confirmado-como-nuevo-jugador-del-pachuca","status":"publish","type":"post","link":"http:\/\/www.tuzologia.net\/?p=1440","title":{"rendered":"Alemao es confirmado como nuevo jugador del Pachuca"},"content":{"rendered":"<p>Por: Redacci\u00f3n Tuzologia<\/p>\n<blockquote class=\"twitter-tweet\">\n<p lang=\"pt\" dir=\"ltr\">La samba de Brasil lleg\u00f3 a Pachuca \ud83c\udde7\ud83c\uddf7\ud83c\udfb6&#8230; <\/p>\n<p>Joga Bonito! \u26bd\ufe0f\u2728 <a href=\"https:\/\/twitter.com\/LigaBBVAMX?ref_src=twsrc%5Etfw\">@LigaBBVAMX<\/a> <a href=\"https:\/\/t.co\/fciXrO3vke\">pic.twitter.com\/fciXrO3vke<\/a><\/p>\n<p>&mdash; Club Pachuca (@Tuzos) <a href=\"https:\/\/twitter.com\/Tuzos\/status\/1947356209960407412?ref_src=twsrc%5Etfw\">July 21, 2025<\/a><\/p><\/blockquote>\n<p> <script async src=\"https:\/\/platform.twitter.com\/widgets.js\" charset=\"utf-8\"><\/script><br \/>\nLa tarde de este lunes, los Tuzos hicieron oficial el fichaje del delantero brasile\u00f1o Alemao, quien llega proveniente del Real Oviedo de Espa\u00f1a. Alemao con 27 a\u00f1os de edad se suma a fortalecer el ataque blanquiazul luego de que John Kennedy volvi\u00f3 a Fluminense hace un par de semanas. <\/p>\n<p>Alexandre Zurawski se desempe\u00f1a como centro delantero o media punta, y en su anterior etapa como futbolista del Oviedo colabor\u00f3 con 22 goles y 5 asistencias en 84 partidos, gan\u00e1ndose el coraz\u00f3n de la afici\u00f3n asturiana pues fue pieza clave para conseguir el ascenso a la primera divisi\u00f3n. <\/p>\n<p>Alemao comenz\u00f3 su carrera en el Metropolitano, club que est\u00e1 localizado en el estado de Santa Catarina en Brasil, aunque no dur\u00f3 mucho pues sali\u00f3 cedido al Kyoto Sanga de Jap\u00f3n, as\u00ed como al Criciuma y al Fluminense SC, conjuntos de divisiones menores en el f\u00fatbol brasile\u00f1o, sin lograr consolidarse en alguno de ellos. <\/p>\n<p>Para 2020, el Avai FC se hizo de sus servicios en una operaci\u00f3n sin coste, no obstante tambi\u00e9n se manten\u00eda de la misma manera teniendo que salir cedido a Juventus SC y al Novo Hamburgo, antes de sumarse a la concentraci\u00f3n del Internacional de Porto Alegre.  <\/p>\n<p>Con el conjunto escarlata fue cuando finalmente explot\u00f3, llegando a disputar 71 encuentros en los que anot\u00f3 14 goles y aport\u00f3 5 asistencias. Ese rendimiento fue el que despert\u00f3 la atenci\u00f3n del Grupo Pachuca, quienes no dudaron en sumarlo a sus filas, para fortalecer al Oviedo, y ahora d\u00e1ndole una nueva oportunidad en M\u00e9xico. <\/p>\n<p>Con sus papeles ya tramitados, se espera que Alemao pueda sumar minutos el pr\u00f3ximo s\u00e1bado cuando Pachuca reciba al Mazatl\u00e1n. <\/p>\n","protected":false},"excerpt":{"rendered":"<p>Por: Redacci\u00f3n Tuzologia La samba de Brasil lleg\u00f3 a Pachuca \ud83c\udde7\ud83c\uddf7\ud83c\udfb6&#8230; Joga Bonito! \u26bd\ufe0f\u2728 @LigaBBVAMX pic.twitter.com\/fciXrO3vke &mdash; Club Pachuca (@Tuzos) July 21, 2025 La tarde<\/p>\n","protected":false},"author":1,"featured_media":1441,"comment_status":"open","ping_status":"open","sticky":false,"template":"","format":"standard","meta":{"_jetpack_memberships_contains_paid_content":false,"footnotes":""},"categories":[16],"tags":[],"class_list":["post-1440","post","type-post","status-publish","format-standard","has-post-thumbnail","hentry","category-fichajes"],"jetpack_sharing_enabled":true,"jetpack_featured_media_url":"http:\/\/www.tuzologia.net\/wp-content\/uploads\/2025\/07\/alemao.jpg","_links":{"self":[{"href":"http:\/\/www.tuzologia.net\/index.php?rest_route=\/wp\/v2\/posts\/1440","targetHints":{"allow":["GET"]}}],"collection":[{"href":"http:\/\/www.tuzologia.net\/index.php?rest_route=\/wp\/v2\/posts"}],"about":[{"href":"http:\/\/www.tuzologia.net\/index.php?rest_route=\/wp\/v2\/types\/post"}],"author":[{"embeddable":true,"href":"http:\/\/www.tuzologia.net\/index.php?rest_route=\/wp\/v2\/users\/1"}],"replies":[{"embeddable":true,"href":"http:\/\/www.tuzologia.net\/index.php?rest_route=%2Fwp%2Fv2%2Fcomments&post=1440"}],"version-history":[{"count":1,"href":"http:\/\/www.tuzologia.net\/index.php?rest_route=\/wp\/v2\/posts\/1440\/revisions"}],"predecessor-version":[{"id":1442,"href":"http:\/\/www.tuzologia.net\/index.php?rest_route=\/wp\/v2\/posts\/1440\/revisions\/1442"}],"wp:featuredmedia":[{"embeddable":true,"href":"http:\/\/www.tuzologia.net\/index.php?rest_route=\/wp\/v2\/media\/1441"}],"wp:attachment":[{"href":"http:\/\/www.tuzologia.net\/index.php?rest_route=%2Fwp%2Fv2%2Fmedia&parent=1440"}],"wp:term":[{"taxonomy":"category","embeddable":true,"href":"http:\/\/www.tuzologia.net\/index.php?rest_route=%2Fwp%2Fv2%2Fcategories&post=1440"},{"taxonomy":"post_tag","embeddable":true,"href":"http:\/\/www.tuzologia.net\/index.php?rest_route=%2Fwp%2Fv2%2Ftags&post=1440"}],"curies":[{"name":"wp","href":"https:\/\/api.w.org\/{rel}","templated":true}]}}