{"id":1423,"date":"2025-07-12T19:33:54","date_gmt":"2025-07-12T19:33:54","guid":{"rendered":"http:\/\/www.tuzologia.net\/?p=1423"},"modified":"2025-07-12T19:33:56","modified_gmt":"2025-07-12T19:33:56","slug":"homenchenko-este-equipo-siempre-da-la-cara","status":"publish","type":"post","link":"http:\/\/www.tuzologia.net\/?p=1423","title":{"rendered":"Homenchenko: \u00abEste equipo siempre da la cara\u00bb"},"content":{"rendered":"<p>Nota: Redacci\u00f3n Tuzologia<br \/>\n<iframe loading=\"lazy\" src=\"https:\/\/www.facebook.com\/plugins\/video.php?height=314&#038;href=https%3A%2F%2Fwww.facebook.com%2FClubPachucaTuzos%2Fvideos%2F753222147225181%2F&#038;show_text=false&#038;width=560&#038;t=0\" width=\"560\" height=\"314\" style=\"border:none;overflow:hidden\" scrolling=\"no\" frameborder=\"0\" allowfullscreen=\"true\" allow=\"autoplay; clipboard-write; encrypted-media; picture-in-picture; web-share\" allowFullScreen=\"true\"><\/iframe><\/p>\n<p>El arranque del torneo est\u00e1 a la vuelta de la esquina y los Tuzos se prepararon esta semana para encarar el primer compromiso del certamen ante Rayados de Monterrey, por lo que jugadores como Santiago Homenchenko comparten su punto de vista del trabajo realizado en esta semana. <\/p>\n<p>El centrocampista uruguayo reconoci\u00f3 que el arranque de la etapa de Jaime Lozano encabezando el proyecto no fue lo esperado, no obstante da la vuelta a la p\u00e1gina enfoc\u00e1ndose en buscar un resultado positivo ante Monterrey. \u201cSiempre bien a pesar de los resultados que tuvimos, el equipo levanta la cara y es lo que destaca siempre este club\u201d, expres\u00f3. <\/p>\n<p>Homenchenko, quien vivir\u00e1 su segundo torneo con el equipo se\u00f1al\u00f3 que aunque no ser\u00e1 f\u00e1cil comenzar con tantos partidos en este inicio, \u00e9l prefiere este ritmo de competencia donde tendr\u00e1n partidos tanto en Liga MX  como en Leagues Cup. \u201cComplicado pero lindo, a m\u00ed me gusta jugar cada tres d\u00edas porque es descansar y jugar. Estamos ilusionados con el arranque del campeonato y con los refuerzos que llegaron\u201d.<\/p>\n<p>Sobre el proceso que apenas va iniciando, Santiago destac\u00f3 el trabajo del nuevo cuerpo t\u00e9cnico y expres\u00f3 que de a poco van asimilando la nueva idea de juego.<br \/>\n\u201cJaime fue jugador y conoce los c\u00f3digos que hay que tener para trabajar en este mundo. Lo hace muy bien junto con su cuerpo t\u00e9cnico, hemos trabajado bien y la idea de juego es clara. La hemos agarrado de a poco, pero es complicado cambiar un t\u00e9cnino tan repentinamente\u201d.<\/p>\n<p>Por \u00faltimo, el casaca \u20186\u2019 hizo un llamado a que la gente se haga presente en las tribunas del Hidalgo. \u201cLo \u00fanico que pedimos es que conf\u00eden y que vayan a la cancha como siempre, que respalden a pesar de los resultados. Hay gente buena aqu\u00ed y nosotros siempre vamos a dar la cara con el club\u201d.<\/p>\n","protected":false},"excerpt":{"rendered":"<p>Nota: Redacci\u00f3n Tuzologia El arranque del torneo est\u00e1 a la vuelta de la esquina y los Tuzos se prepararon esta semana para encarar el primer<\/p>\n","protected":false},"author":1,"featured_media":1424,"comment_status":"open","ping_status":"open","sticky":false,"template":"","format":"standard","meta":{"_jetpack_memberships_contains_paid_content":false,"footnotes":""},"categories":[4],"tags":[],"class_list":["post-1423","post","type-post","status-publish","format-standard","has-post-thumbnail","hentry","category-liga-mx"],"jetpack_sharing_enabled":true,"jetpack_featured_media_url":"http:\/\/www.tuzologia.net\/wp-content\/uploads\/2025\/07\/Santiago_Homenchenko.jpg","_links":{"self":[{"href":"http:\/\/www.tuzologia.net\/index.php?rest_route=\/wp\/v2\/posts\/1423","targetHints":{"allow":["GET"]}}],"collection":[{"href":"http:\/\/www.tuzologia.net\/index.php?rest_route=\/wp\/v2\/posts"}],"about":[{"href":"http:\/\/www.tuzologia.net\/index.php?rest_route=\/wp\/v2\/types\/post"}],"author":[{"embeddable":true,"href":"http:\/\/www.tuzologia.net\/index.php?rest_route=\/wp\/v2\/users\/1"}],"replies":[{"embeddable":true,"href":"http:\/\/www.tuzologia.net\/index.php?rest_route=%2Fwp%2Fv2%2Fcomments&post=1423"}],"version-history":[{"count":1,"href":"http:\/\/www.tuzologia.net\/index.php?rest_route=\/wp\/v2\/posts\/1423\/revisions"}],"predecessor-version":[{"id":1425,"href":"http:\/\/www.tuzologia.net\/index.php?rest_route=\/wp\/v2\/posts\/1423\/revisions\/1425"}],"wp:featuredmedia":[{"embeddable":true,"href":"http:\/\/www.tuzologia.net\/index.php?rest_route=\/wp\/v2\/media\/1424"}],"wp:attachment":[{"href":"http:\/\/www.tuzologia.net\/index.php?rest_route=%2Fwp%2Fv2%2Fmedia&parent=1423"}],"wp:term":[{"taxonomy":"category","embeddable":true,"href":"http:\/\/www.tuzologia.net\/index.php?rest_route=%2Fwp%2Fv2%2Fcategories&post=1423"},{"taxonomy":"post_tag","embeddable":true,"href":"http:\/\/www.tuzologia.net\/index.php?rest_route=%2Fwp%2Fv2%2Ftags&post=1423"}],"curies":[{"name":"wp","href":"https:\/\/api.w.org\/{rel}","templated":true}]}}