{"id":1389,"date":"2025-06-13T16:38:42","date_gmt":"2025-06-13T16:38:42","guid":{"rendered":"http:\/\/www.tuzologia.net\/?p=1389"},"modified":"2025-06-13T16:38:44","modified_gmt":"2025-06-13T16:38:44","slug":"brian-garcia-ultimo-refuerzo-tuzo-para-el-mdc","status":"publish","type":"post","link":"http:\/\/www.tuzologia.net\/?p=1389","title":{"rendered":"Brian Garc\u00eda, \u00faltimo refuerzo Tuzo para el MDC"},"content":{"rendered":"<p>Por: Redacci\u00f3n Tuzologia<\/p>\n<blockquote class=\"twitter-tweet\">\n<p lang=\"es\" dir=\"ltr\">\ud83d\ude2e\u200d\ud83d\udca8 | Uno m\u00e1s que llega para quedarse y reforzar la fuerza del Hurac\u00e1n desde el Inframundo.<\/p>\n<p>\u00a1Bienvenido al Club de Futbol Pachuca! \ud83d\udc4a\ud83c\udffc<a href=\"https:\/\/twitter.com\/hashtag\/PachucaSomosTodos?src=hash&amp;ref_src=twsrc%5Etfw\">#PachucaSomosTodos<\/a>\ud83e\udd0d\ud83d\udc99 <a href=\"https:\/\/t.co\/AI9z7YeBCa\">pic.twitter.com\/AI9z7YeBCa<\/a><\/p>\n<p>&mdash; Club Pachuca (@Tuzos) <a href=\"https:\/\/twitter.com\/Tuzos\/status\/1933314722125824311?ref_src=twsrc%5Etfw\">June 13, 2025<\/a><\/p><\/blockquote>\n<p> <script async src=\"https:\/\/platform.twitter.com\/widgets.js\" charset=\"utf-8\"><\/script><br \/>\nLos Tuzos del Pachuca anunciaron su \u00faltima incorporaci\u00f3n  de cara al mundial de clubes, se trata del lateral Brian Garc\u00eda, quien llega proveniente del Toluca en calidad de venta definitiva.  Garc\u00eda se incorpor\u00f3 de inmediato y luchar\u00e1 por un lugar en la lateral del equipo que jugar\u00e1 el Mundial de Clubes. <\/p>\n<p>Garc\u00eda cuenta con 27 a\u00f1os de edad y se desempe\u00f1a como lateral por ambas bandas, aunque predominantemente juega por la derecha, brillando como un jugador que sabe defender bien y sumarse al ataque de buena manera. Adem\u00e1s es un viejo conocido de Jaime Lozano quien lo dirigi\u00f3 en Necaxa. <\/p>\n<p>La carrera del \u2018Guame\u2019 no ha sido f\u00e1cil, pues desde la sub-20 de Quer\u00e9taro tuvo que emigrar al f\u00fatbol costarricense en busca de una oportunidad con el Bel\u00e9n FC, aunque muy pronto tuvo que volver para sumarse a la disciplina de Xolos donde permaneci\u00f3 entre el 2018 y 2019. <\/p>\n<p>Tras partir de Tijuana, Garc\u00eda visti\u00f3 la casaca del Cafessa de segunda divisi\u00f3n antes de resurgir como un jugador confiable en Cimarrones de Sonora, despertando la atenci\u00f3n de los Rayos del Necaxa quienes lo devolvieron al m\u00e1ximo circuito, convirti\u00e9ndose en un lateral bastante confiable. <\/p>\n<p>En total con el conjunto hidroc\u00e1lido disput\u00f3 50 encuentros, brindando 3 asistencias e incluso marcando un gol, lo cual llam\u00f3 el inter\u00e9s de Toluca quienes lo incorporaron a sus filas en 2023, consolid\u00e1ndose como un confiable lateral en el equipo escarlata donde disput\u00f3 87 encuentros y mejor\u00f3 su productividad al participar en 13 anotaciones. ( 6 goles y 7 asistencias). <\/p>\n<p>Cabe se\u00f1alar que en la \u00faltima temporada Garc\u00eda perdi\u00f3 la titularidad en detrimento de Diego Barbosa, por lo que Pachuca apareci\u00f3 en el horizonte como una posibilidad para que el jugador mexicano colabore con su talento desde la banda derecha. <\/p>\n","protected":false},"excerpt":{"rendered":"<p>Por: Redacci\u00f3n Tuzologia \ud83d\ude2e\u200d\ud83d\udca8 | Uno m\u00e1s que llega para quedarse y reforzar la fuerza del Hurac\u00e1n desde el Inframundo. \u00a1Bienvenido al Club de Futbol<\/p>\n","protected":false},"author":1,"featured_media":1390,"comment_status":"open","ping_status":"open","sticky":false,"template":"","format":"standard","meta":{"_jetpack_memberships_contains_paid_content":false,"footnotes":""},"categories":[16,22],"tags":[],"class_list":["post-1389","post","type-post","status-publish","format-standard","has-post-thumbnail","hentry","category-fichajes","category-mundial-de-clubes"],"jetpack_sharing_enabled":true,"jetpack_featured_media_url":"http:\/\/www.tuzologia.net\/wp-content\/uploads\/2025\/06\/Pac.jpg","_links":{"self":[{"href":"http:\/\/www.tuzologia.net\/index.php?rest_route=\/wp\/v2\/posts\/1389","targetHints":{"allow":["GET"]}}],"collection":[{"href":"http:\/\/www.tuzologia.net\/index.php?rest_route=\/wp\/v2\/posts"}],"about":[{"href":"http:\/\/www.tuzologia.net\/index.php?rest_route=\/wp\/v2\/types\/post"}],"author":[{"embeddable":true,"href":"http:\/\/www.tuzologia.net\/index.php?rest_route=\/wp\/v2\/users\/1"}],"replies":[{"embeddable":true,"href":"http:\/\/www.tuzologia.net\/index.php?rest_route=%2Fwp%2Fv2%2Fcomments&post=1389"}],"version-history":[{"count":1,"href":"http:\/\/www.tuzologia.net\/index.php?rest_route=\/wp\/v2\/posts\/1389\/revisions"}],"predecessor-version":[{"id":1391,"href":"http:\/\/www.tuzologia.net\/index.php?rest_route=\/wp\/v2\/posts\/1389\/revisions\/1391"}],"wp:featuredmedia":[{"embeddable":true,"href":"http:\/\/www.tuzologia.net\/index.php?rest_route=\/wp\/v2\/media\/1390"}],"wp:attachment":[{"href":"http:\/\/www.tuzologia.net\/index.php?rest_route=%2Fwp%2Fv2%2Fmedia&parent=1389"}],"wp:term":[{"taxonomy":"category","embeddable":true,"href":"http:\/\/www.tuzologia.net\/index.php?rest_route=%2Fwp%2Fv2%2Fcategories&post=1389"},{"taxonomy":"post_tag","embeddable":true,"href":"http:\/\/www.tuzologia.net\/index.php?rest_route=%2Fwp%2Fv2%2Ftags&post=1389"}],"curies":[{"name":"wp","href":"https:\/\/api.w.org\/{rel}","templated":true}]}}