{"id":1382,"date":"2025-06-11T16:47:29","date_gmt":"2025-06-11T16:47:29","guid":{"rendered":"http:\/\/www.tuzologia.net\/?p=1382"},"modified":"2025-06-11T16:47:31","modified_gmt":"2025-06-11T16:47:31","slug":"aviles-y-jurado-nuevos-tuzos","status":"publish","type":"post","link":"http:\/\/www.tuzologia.net\/?p=1382","title":{"rendered":"Avil\u00e9s y Jurado, nuevos Tuzos"},"content":{"rendered":"<p>Por: Redacci\u00f3n Tuzologia<\/p>\n<blockquote class=\"twitter-tweet\">\n<p lang=\"es\" dir=\"ltr\">\ud83d\udc0e | Sab\u00edamos que pod\u00edamos contar contigo <a href=\"https:\/\/twitter.com\/fcjuarezoficial?ref_src=twsrc%5Etfw\">@fcjuarezoficial<\/a><\/p>\n<p>Desde la frontera m\u00e1s fabulosa y bella del mundo&#8230; \u00a1Bienvenidos!<a href=\"https:\/\/twitter.com\/hashtag\/FIFACWC?src=hash&amp;ref_src=twsrc%5Etfw\">#FIFACWC<\/a> | <a href=\"https:\/\/twitter.com\/hashtag\/TakeItToTheWorld?src=hash&amp;ref_src=twsrc%5Etfw\">#TakeItToTheWorld<\/a> <a href=\"https:\/\/t.co\/lamxsnZWZi\">pic.twitter.com\/lamxsnZWZi<\/a><\/p>\n<p>&mdash; Club Pachuca (@Tuzos) <a href=\"https:\/\/twitter.com\/Tuzos\/status\/1932611132889411816?ref_src=twsrc%5Etfw\">June 11, 2025<\/a><\/p><\/blockquote>\n<p> <script async src=\"https:\/\/platform.twitter.com\/widgets.js\" charset=\"utf-8\"><\/script><br \/>\nLa tarde de este martes los Tuzos hicieron oficial la llegada de dos refuerzos m\u00e1s rumbo al mundial de clubes. El conjunto hidalguense confirm\u00f3 los arribos de Sebasti\u00e1n Jurado y Avil\u00e9s Hurtado quienes el \u00faltimo semestre militaron en los Bravos de Ju\u00e1rez. <\/p>\n<p>Avil\u00e9s vivir\u00e1 una cuarta etapa en los Tuzos, luego de que fue el conjunto hidalguense quien lo trajo al f\u00fatbol mexicano en el lejano 2012, donde comenz\u00f3 una larga y fruct\u00edfera carrera vistiendo las camisetas de Pachuca, Jaguares, Xolos, Monterrey y Bravos consiguiendo levantar trofeos tanto con Pachuca, como con Rayados. <\/p>\n<p>En su m\u00e1s reciente etapa con el equipo de Hidalgo fue pieza clave para la conquista del t\u00edtulo del Apertura 2022, convirtiendo el penal clave en la semifinal contra Monterrey y siendo letal por la banda derecha junto a Kevin \u00c1lvarez. <\/p>\n<p>Por otra parte, Pachuca tambi\u00e9n sum\u00f3 el fichaje de Sebasti\u00e1n Jurado con el objetivo de generar mayor competencia en la posici\u00f3n de la porter\u00eda, el futbolista veracruzano llega con n\u00fameros interesantes en el \u00faltimo torneo, donde dej\u00f3 su arco en ceros durante 5 de 18 partidos jugados y encaj\u00f3 \u00fanicamente 22 goles durante el certamen. <\/p>\n<p>La trayectoria de Jurado comenz\u00f3 deslumbrando a todos en el arco del Veracruz, donde arranc\u00f3 muy joven en medio de una enorme crisis de resultados disputando 40 partidos con el conjunto del puerto, antes de emigrar a Cruz Azul. Con los celestes particip\u00f3 en 43 encuentros sin embargo tuvo que salir hacia Ju\u00e1rez en busca de m\u00e1s regularidad. <\/p>\n<p>Con el conjunto fronterizo ya acumula 38 encuentros y se ha convertido en un guardameta confiable que buscar\u00e1 pelear el lugar con Carlos Moreno. Por \u00faltimo respecto a los fichajes se presume que ambas incorporaciones ser\u00e1n \u00fanicamente por lo que dure el mundial de clubes. <\/p>\n","protected":false},"excerpt":{"rendered":"<p>Por: Redacci\u00f3n Tuzologia \ud83d\udc0e | Sab\u00edamos que pod\u00edamos contar contigo @fcjuarezoficial Desde la frontera m\u00e1s fabulosa y bella del mundo&#8230; \u00a1Bienvenidos!#FIFACWC | #TakeItToTheWorld pic.twitter.com\/lamxsnZWZi &mdash;<\/p>\n","protected":false},"author":1,"featured_media":1383,"comment_status":"open","ping_status":"open","sticky":false,"template":"","format":"standard","meta":{"_jetpack_memberships_contains_paid_content":false,"footnotes":""},"categories":[16,22],"tags":[],"class_list":["post-1382","post","type-post","status-publish","format-standard","has-post-thumbnail","hentry","category-fichajes","category-mundial-de-clubes"],"jetpack_sharing_enabled":true,"jetpack_featured_media_url":"http:\/\/www.tuzologia.net\/wp-content\/uploads\/2025\/06\/aviles-jurado.jpg","_links":{"self":[{"href":"http:\/\/www.tuzologia.net\/index.php?rest_route=\/wp\/v2\/posts\/1382","targetHints":{"allow":["GET"]}}],"collection":[{"href":"http:\/\/www.tuzologia.net\/index.php?rest_route=\/wp\/v2\/posts"}],"about":[{"href":"http:\/\/www.tuzologia.net\/index.php?rest_route=\/wp\/v2\/types\/post"}],"author":[{"embeddable":true,"href":"http:\/\/www.tuzologia.net\/index.php?rest_route=\/wp\/v2\/users\/1"}],"replies":[{"embeddable":true,"href":"http:\/\/www.tuzologia.net\/index.php?rest_route=%2Fwp%2Fv2%2Fcomments&post=1382"}],"version-history":[{"count":1,"href":"http:\/\/www.tuzologia.net\/index.php?rest_route=\/wp\/v2\/posts\/1382\/revisions"}],"predecessor-version":[{"id":1384,"href":"http:\/\/www.tuzologia.net\/index.php?rest_route=\/wp\/v2\/posts\/1382\/revisions\/1384"}],"wp:featuredmedia":[{"embeddable":true,"href":"http:\/\/www.tuzologia.net\/index.php?rest_route=\/wp\/v2\/media\/1383"}],"wp:attachment":[{"href":"http:\/\/www.tuzologia.net\/index.php?rest_route=%2Fwp%2Fv2%2Fmedia&parent=1382"}],"wp:term":[{"taxonomy":"category","embeddable":true,"href":"http:\/\/www.tuzologia.net\/index.php?rest_route=%2Fwp%2Fv2%2Fcategories&post=1382"},{"taxonomy":"post_tag","embeddable":true,"href":"http:\/\/www.tuzologia.net\/index.php?rest_route=%2Fwp%2Fv2%2Ftags&post=1382"}],"curies":[{"name":"wp","href":"https:\/\/api.w.org\/{rel}","templated":true}]}}