{"id":1372,"date":"2025-06-05T17:01:10","date_gmt":"2025-06-05T17:01:10","guid":{"rendered":"http:\/\/www.tuzologia.net\/?p=1372"},"modified":"2025-06-05T17:01:12","modified_gmt":"2025-06-05T17:01:12","slug":"federico-pereira-refuerza-a-pachuca-en-el-mundial-de-clubes","status":"publish","type":"post","link":"http:\/\/www.tuzologia.net\/?p=1372","title":{"rendered":"Federico Pereira refuerza a Pachuca en el Mundial de clubes"},"content":{"rendered":"<p>Por: Redacci\u00f3n Tuzologia<\/p>\n<blockquote class=\"twitter-tweet\">\n<p lang=\"es\" dir=\"ltr\">\ud83d\ude2e\u200d\ud83d\udca8 | Directamente desde el infierno llega al Hurac\u00e1n como refuerzo para la <a href=\"https:\/\/twitter.com\/FIFACWC?ref_src=twsrc%5Etfw\">@FIFACWC<\/a>&#8230; \u00a1Bienvenido!<a href=\"https:\/\/twitter.com\/hashtag\/FIFACWC?src=hash&amp;ref_src=twsrc%5Etfw\">#FIFACWC<\/a> | <a href=\"https:\/\/twitter.com\/hashtag\/TakeItToTheWorld?src=hash&amp;ref_src=twsrc%5Etfw\">#TakeItToTheWorld<\/a> <a href=\"https:\/\/t.co\/AWtDC1wxT0\">pic.twitter.com\/AWtDC1wxT0<\/a><\/p>\n<p>&mdash; Club Pachuca (@Tuzos) <a href=\"https:\/\/twitter.com\/Tuzos\/status\/1930422401138856309?ref_src=twsrc%5Etfw\">June 5, 2025<\/a><\/p><\/blockquote>\n<p> <script async src=\"https:\/\/platform.twitter.com\/widgets.js\" charset=\"utf-8\"><\/script><br \/>\nLos Tuzos del Pachuca le dieron la bienvenida a Federico Pereira como cuarto refuerzo de cara al mundial de clubes la tarde de este mi\u00e9rcoles. El zaguero central llega proveniente del campe\u00f3n Toluca exclusivamente para la gran justa internacional y se suma a los nombres de Robert Kenedy, Jos\u00e9 Castillo y Agust\u00edn Palavecino. <\/p>\n<p>Pereira fue una de las piezas clave en el \u00faltimo t\u00edtulo del Toluca, al disputar 19 partidos de los 23 que llevaron a los diablos a conquistar el cetro del Clausura 2025, destac\u00e1ndose como un central confiable y uno de los m\u00e1s destacados en la Liga MX, situaci\u00f3n que llam\u00f3 la atenci\u00f3n de los Tuzos que lo contemplaron para reforzar su l\u00ednea defensiva en la pr\u00f3xima justa mundialista. <\/p>\n<p>Con 25 a\u00f1os de edad, el zaguero charr\u00faa vestir\u00e1 su tercera casaca en el f\u00fatbol, pues adem\u00e1s de los 54 partidos que lleva portando los colores del Toluca, tambi\u00e9n disput\u00f3 114 con la camiseta del Liverpool de su pa\u00eds. <\/p>\n<p>El uruguayo se integr\u00f3 de inmediato a la disciplina de Pachuca, que este domingo tendr\u00e1 su primer y \u00fanico ensayo previo a la gran competencia enfrentando al Al Ahly de Egipto en Miami, antes de debutar en el certamen ante el RB Salzburg en la ciudad de Cincinnati. <\/p>\n","protected":false},"excerpt":{"rendered":"<p>Por: Redacci\u00f3n Tuzologia \ud83d\ude2e\u200d\ud83d\udca8 | Directamente desde el infierno llega al Hurac\u00e1n como refuerzo para la @FIFACWC&#8230; \u00a1Bienvenido!#FIFACWC | #TakeItToTheWorld pic.twitter.com\/AWtDC1wxT0 &mdash; Club Pachuca (@Tuzos)<\/p>\n","protected":false},"author":1,"featured_media":1373,"comment_status":"open","ping_status":"open","sticky":false,"template":"","format":"standard","meta":{"_jetpack_memberships_contains_paid_content":false,"footnotes":""},"categories":[16,22],"tags":[],"class_list":["post-1372","post","type-post","status-publish","format-standard","has-post-thumbnail","hentry","category-fichajes","category-mundial-de-clubes"],"jetpack_sharing_enabled":true,"jetpack_featured_media_url":"http:\/\/www.tuzologia.net\/wp-content\/uploads\/2025\/06\/Fede-Pereira-.jpg","_links":{"self":[{"href":"http:\/\/www.tuzologia.net\/index.php?rest_route=\/wp\/v2\/posts\/1372","targetHints":{"allow":["GET"]}}],"collection":[{"href":"http:\/\/www.tuzologia.net\/index.php?rest_route=\/wp\/v2\/posts"}],"about":[{"href":"http:\/\/www.tuzologia.net\/index.php?rest_route=\/wp\/v2\/types\/post"}],"author":[{"embeddable":true,"href":"http:\/\/www.tuzologia.net\/index.php?rest_route=\/wp\/v2\/users\/1"}],"replies":[{"embeddable":true,"href":"http:\/\/www.tuzologia.net\/index.php?rest_route=%2Fwp%2Fv2%2Fcomments&post=1372"}],"version-history":[{"count":1,"href":"http:\/\/www.tuzologia.net\/index.php?rest_route=\/wp\/v2\/posts\/1372\/revisions"}],"predecessor-version":[{"id":1374,"href":"http:\/\/www.tuzologia.net\/index.php?rest_route=\/wp\/v2\/posts\/1372\/revisions\/1374"}],"wp:featuredmedia":[{"embeddable":true,"href":"http:\/\/www.tuzologia.net\/index.php?rest_route=\/wp\/v2\/media\/1373"}],"wp:attachment":[{"href":"http:\/\/www.tuzologia.net\/index.php?rest_route=%2Fwp%2Fv2%2Fmedia&parent=1372"}],"wp:term":[{"taxonomy":"category","embeddable":true,"href":"http:\/\/www.tuzologia.net\/index.php?rest_route=%2Fwp%2Fv2%2Fcategories&post=1372"},{"taxonomy":"post_tag","embeddable":true,"href":"http:\/\/www.tuzologia.net\/index.php?rest_route=%2Fwp%2Fv2%2Ftags&post=1372"}],"curies":[{"name":"wp","href":"https:\/\/api.w.org\/{rel}","templated":true}]}}