{"id":1369,"date":"2025-06-03T00:20:24","date_gmt":"2025-06-03T00:20:24","guid":{"rendered":"http:\/\/www.tuzologia.net\/?p=1369"},"modified":"2025-06-03T00:20:26","modified_gmt":"2025-06-03T00:20:26","slug":"homenchenko-estoy-con-energia-renovada","status":"publish","type":"post","link":"http:\/\/www.tuzologia.net\/?p=1369","title":{"rendered":"Homenchenko: \u00abEstoy con energ\u00eda renovada\u00bb."},"content":{"rendered":"<p>Por: Redacci\u00f3n Tuzologia<\/p>\n<p>El mediocampista de los Tuzos, Santiago Homenchenko se prepara junto con el resto del plantel para encarar el mundial de clubes de la FIFA y el futbolista uruguayo se sincera al se\u00f1alar que a\u00fan no ha dimensionado que participar\u00e1 en el gran escenario mundial defendiendo la camiseta blanquiazul. <\/p>\n<p>\u201cMuy contento, con energ\u00edas renovadas, fueron pocos los d\u00edas que tuvimos pero estamos contentos de volver y estamos todos con el mismo objetivo\u201d., todav\u00eda no dimensiono lo que voy a jugar, poco a poco iremos cayendo y lo vamos a disfrutar como se debe\u201d, expres\u00f3. <\/p>\n<p>Homenchenko est\u00e1 viviendo su primer semestre con los Tuzos, pues recientemente lleg\u00f3 proveniente de la segunda divisi\u00f3n espa\u00f1ola y entre la adaptaci\u00f3n al f\u00fatbol mexicano y la lamentable situaci\u00f3n que vivi\u00f3 con el fallecimiento de su mam\u00e1, Santiago se dice listo luego de haber superado estas complicadas vivencias. \u201cLa mejor despu\u00e9s de lo que pas\u00f3, sin muchas preocupaciones. Empiezo mi carrera reci\u00e9n y le voy a poner mucha energ\u00eda\u201d, a\u00f1adi\u00f3. <\/p>\n<p>Finalmente, el jugador que fue mundialista sub-20 previo a su llegada a Pachuca, destac\u00f3 la entrega de sus compa\u00f1eros para poder lograr clasificar al Gran Mundial de clubes, \u201cEs un premio m\u00e1ximo, lo ganaron mis compa\u00f1eros pero yo tengo que respaldarlos entrenando y trabajando como se debe\u201d, concluy\u00f3. <\/p>\n","protected":false},"excerpt":{"rendered":"<p>Por: Redacci\u00f3n Tuzologia El mediocampista de los Tuzos, Santiago Homenchenko se prepara junto con el resto del plantel para encarar el mundial de clubes de<\/p>\n","protected":false},"author":1,"featured_media":1370,"comment_status":"open","ping_status":"open","sticky":false,"template":"","format":"standard","meta":{"_jetpack_memberships_contains_paid_content":false,"footnotes":""},"categories":[22],"tags":[],"class_list":["post-1369","post","type-post","status-publish","format-standard","has-post-thumbnail","hentry","category-mundial-de-clubes"],"jetpack_sharing_enabled":true,"jetpack_featured_media_url":"http:\/\/www.tuzologia.net\/wp-content\/uploads\/2025\/06\/Homenchenko.jpg","_links":{"self":[{"href":"http:\/\/www.tuzologia.net\/index.php?rest_route=\/wp\/v2\/posts\/1369","targetHints":{"allow":["GET"]}}],"collection":[{"href":"http:\/\/www.tuzologia.net\/index.php?rest_route=\/wp\/v2\/posts"}],"about":[{"href":"http:\/\/www.tuzologia.net\/index.php?rest_route=\/wp\/v2\/types\/post"}],"author":[{"embeddable":true,"href":"http:\/\/www.tuzologia.net\/index.php?rest_route=\/wp\/v2\/users\/1"}],"replies":[{"embeddable":true,"href":"http:\/\/www.tuzologia.net\/index.php?rest_route=%2Fwp%2Fv2%2Fcomments&post=1369"}],"version-history":[{"count":1,"href":"http:\/\/www.tuzologia.net\/index.php?rest_route=\/wp\/v2\/posts\/1369\/revisions"}],"predecessor-version":[{"id":1371,"href":"http:\/\/www.tuzologia.net\/index.php?rest_route=\/wp\/v2\/posts\/1369\/revisions\/1371"}],"wp:featuredmedia":[{"embeddable":true,"href":"http:\/\/www.tuzologia.net\/index.php?rest_route=\/wp\/v2\/media\/1370"}],"wp:attachment":[{"href":"http:\/\/www.tuzologia.net\/index.php?rest_route=%2Fwp%2Fv2%2Fmedia&parent=1369"}],"wp:term":[{"taxonomy":"category","embeddable":true,"href":"http:\/\/www.tuzologia.net\/index.php?rest_route=%2Fwp%2Fv2%2Fcategories&post=1369"},{"taxonomy":"post_tag","embeddable":true,"href":"http:\/\/www.tuzologia.net\/index.php?rest_route=%2Fwp%2Fv2%2Ftags&post=1369"}],"curies":[{"name":"wp","href":"https:\/\/api.w.org\/{rel}","templated":true}]}}