{"id":1365,"date":"2025-06-02T21:19:37","date_gmt":"2025-06-02T21:19:37","guid":{"rendered":"http:\/\/www.tuzologia.net\/?p=1365"},"modified":"2025-06-02T21:19:39","modified_gmt":"2025-06-02T21:19:39","slug":"agustin-palavecino-es-el-tercer-refuerzo-tuzo","status":"publish","type":"post","link":"http:\/\/www.tuzologia.net\/?p=1365","title":{"rendered":"Agust\u00edn Palavecino es el tercer refuerzo tuzo"},"content":{"rendered":"<p>Por: Redacci\u00f3n Tuzologia<\/p>\n<blockquote class=\"twitter-tweet\">\n<p lang=\"es\" dir=\"ltr\">\ud83d\udc4b\ud83c\udffb | \u00a1Hola vecino! \u00bfListo para la <a href=\"https:\/\/twitter.com\/FIFACWC?ref_src=twsrc%5Etfw\">@FIFACWC<\/a>?<a href=\"https:\/\/twitter.com\/hashtag\/FIFACWC?src=hash&amp;ref_src=twsrc%5Etfw\">#FIFACWC<\/a> | <a href=\"https:\/\/twitter.com\/hashtag\/TakeItToTheWorld?src=hash&amp;ref_src=twsrc%5Etfw\">#TakeItToTheWorld<\/a> <a href=\"https:\/\/t.co\/u4RiNFaFjx\">pic.twitter.com\/u4RiNFaFjx<\/a><\/p>\n<p>&mdash; Club Pachuca (@Tuzos) <a href=\"https:\/\/twitter.com\/Tuzos\/status\/1929629102287290498?ref_src=twsrc%5Etfw\">June 2, 2025<\/a><\/p><\/blockquote>\n<p> <script async src=\"https:\/\/platform.twitter.com\/widgets.js\" charset=\"utf-8\"><\/script><br \/>\nLa tarde de este lunes los Tuzos hicieron oficial el fichaje de Agust\u00edn Palavecino, quien llega proveniente de Necaxa como refuerzo exclusivamente para el Mundial de Clubes. El mediocampista de 28 a\u00f1os de edad se suma a los nombres previamente anunciados de Robert Kenedy y Jos\u00e9 Castillo que fortalecen a la plantilla blanquiazul. <\/p>\n<p>Palavecino lleg\u00f3 en verano del 2024 al conjunto del Necaxa donde cay\u00f3 con el pie derecho, donde particip\u00f3 en 39 encuentros donde ha anotado 9 goles y aport\u00f3 6 asistencias, convirti\u00e9ndose en un futbolista estelar dentro del f\u00fatbol mexicano, despertando la atenci\u00f3n de Pachuca quien lo convirti\u00f3 en uno de los jugadores contemplados \u00fanicamente para el gran torneo internacional. <\/p>\n<p>El jugador nacido en Florida, Argentina  comenz\u00f3 su carrera en platense, donde luego de 17 encuentros con la casaca del calamar, para que en 2019 pudiera dar el salto al futbol colombiano con el Deportivo Cali, donde consolid\u00f3 su carrera a lo largo de 73 partidos donde destac\u00f3 con 18 goles y 14 asistencias, despertando la atenci\u00f3n de River Plate. <\/p>\n<p>Para 2021 volvi\u00f3 a su pa\u00eds para enfundarse en los colores del equipo millonario participando en 136 encuentros a lo largo de 3 a\u00f1os. En su etapa con River, pudo aportar 13 goles y 12 asistencias, aunque vino de m\u00e1s a menos teniendo que emigrar en 2024 a pr\u00e9stamo hacia el Necaxa, donde ha dado un nuevo brillo a su carrera. <\/p>\n<p>Ahora con los Tuzos tendr\u00e1 una nueva oportunidad de brillar en el gran escenario mundial. \u00a1Bienvenido!<\/p>\n","protected":false},"excerpt":{"rendered":"<p>Por: Redacci\u00f3n Tuzologia \ud83d\udc4b\ud83c\udffb | \u00a1Hola vecino! \u00bfListo para la @FIFACWC?#FIFACWC | #TakeItToTheWorld pic.twitter.com\/u4RiNFaFjx &mdash; Club Pachuca (@Tuzos) June 2, 2025 La tarde de este<\/p>\n","protected":false},"author":1,"featured_media":1366,"comment_status":"open","ping_status":"open","sticky":false,"template":"","format":"standard","meta":{"_jetpack_memberships_contains_paid_content":false,"footnotes":""},"categories":[1],"tags":[],"class_list":["post-1365","post","type-post","status-publish","format-standard","has-post-thumbnail","hentry","category-uncategorized"],"jetpack_sharing_enabled":true,"jetpack_featured_media_url":"http:\/\/www.tuzologia.net\/wp-content\/uploads\/2025\/06\/palavecino.jpg","_links":{"self":[{"href":"http:\/\/www.tuzologia.net\/index.php?rest_route=\/wp\/v2\/posts\/1365","targetHints":{"allow":["GET"]}}],"collection":[{"href":"http:\/\/www.tuzologia.net\/index.php?rest_route=\/wp\/v2\/posts"}],"about":[{"href":"http:\/\/www.tuzologia.net\/index.php?rest_route=\/wp\/v2\/types\/post"}],"author":[{"embeddable":true,"href":"http:\/\/www.tuzologia.net\/index.php?rest_route=\/wp\/v2\/users\/1"}],"replies":[{"embeddable":true,"href":"http:\/\/www.tuzologia.net\/index.php?rest_route=%2Fwp%2Fv2%2Fcomments&post=1365"}],"version-history":[{"count":1,"href":"http:\/\/www.tuzologia.net\/index.php?rest_route=\/wp\/v2\/posts\/1365\/revisions"}],"predecessor-version":[{"id":1367,"href":"http:\/\/www.tuzologia.net\/index.php?rest_route=\/wp\/v2\/posts\/1365\/revisions\/1367"}],"wp:featuredmedia":[{"embeddable":true,"href":"http:\/\/www.tuzologia.net\/index.php?rest_route=\/wp\/v2\/media\/1366"}],"wp:attachment":[{"href":"http:\/\/www.tuzologia.net\/index.php?rest_route=%2Fwp%2Fv2%2Fmedia&parent=1365"}],"wp:term":[{"taxonomy":"category","embeddable":true,"href":"http:\/\/www.tuzologia.net\/index.php?rest_route=%2Fwp%2Fv2%2Fcategories&post=1365"},{"taxonomy":"post_tag","embeddable":true,"href":"http:\/\/www.tuzologia.net\/index.php?rest_route=%2Fwp%2Fv2%2Ftags&post=1365"}],"curies":[{"name":"wp","href":"https:\/\/api.w.org\/{rel}","templated":true}]}}