{"id":1283,"date":"2025-03-26T15:48:21","date_gmt":"2025-03-26T15:48:21","guid":{"rendered":"http:\/\/www.tuzologia.net\/?p=1283"},"modified":"2025-03-26T16:59:57","modified_gmt":"2025-03-26T16:59:57","slug":"actividad-de-los-tuzos-en-la-fecha-fifa-de-marzo-2025","status":"publish","type":"post","link":"http:\/\/www.tuzologia.net\/?p=1283","title":{"rendered":"Actividad de los Tuzos en la fecha FIFA de Marzo 2025"},"content":{"rendered":"<p>Por: Redacci\u00f3n Tuzologia<\/p>\n<p>Termin\u00f3 la actividad de la Fecha FIFA y los jugadores convocados por parte de los Tuzos, est\u00e1n retornado a la universidad del f\u00fatbol para reportar con el club para encarar la recta final del torneo, por lo que es momento de revisar lo realizado por Carlos Moreno, Salom\u00f3n Rond\u00f3n, El\u00edas Montiel y Alexei Dom\u00ednguez, quienes reportaron con distintas categor\u00edas de selecciones nacionales. <\/p>\n<p>En primera instancia, Carlos Moreno report\u00f3 por primera vez con la Selecci\u00f3n nacional de M\u00e9xico para los compromisos de la CONCACAF Nations League ante Canad\u00e1 y Panam\u00e1 donde el tricolor se qued\u00f3 con el trofeo de la competencia, aunque el arquero blanquiazul no logr\u00f3 hacer su debut bajo los tres postes del tri. <\/p>\n<p>Por su parte Salom\u00f3n Rond\u00f3n tuvo actividad en los compromisos de Venezuela ante Ecuador  y Per\u00fa. En el primer compromiso celebrado en Ecuador, la Vinotinto cay\u00f3 por marcador de 2-1 y el \u2018Rey\u2019 disput\u00f3 un total de 61 minutos; mientras que en el segundo encuentro celebrado en Venezuela, Rond\u00f3n anot\u00f3 el gol del triunfo en los 78 minutos donde tuvo actividad ante el conjunto peruano. <\/p>\n<p>Continuando con el listado de jugadores presentes con selecci\u00f3n mayor, tambi\u00e9n estuvo el caso de Pedro Budib, defensor central de la categor\u00eda sub-23 que hizo su debut internacional con la selecci\u00f3n de L\u00edbano derrotando por 5-0 al equipo de Timor Leste, en dicho encuentro entr\u00f3 de cambio y marc\u00f3 uno de los goles. Adem\u00e1s tuvo actividad en el triunfo de L\u00edbano 5-0 sobre Brunei ingresando al minuto 58. <\/p>\n<p>Finalmente, tanto El\u00edas Montiel como Alexei Dom\u00ednguez formaron parte de la gira de la selecci\u00f3n sub-20 por tierras espa\u00f1olas, donde ambos jugadores sumaron una buena cantidad de minutos. En la serie de tres compromisos, derrotaron al FC Benidorm por marcador de 3-0, y luego cayeron con su similar de Estados Unidos por el mismo marcador, para finalmente cerrar la gira con una derrota de 0-1 con la selecci\u00f3n de Francia. <\/p>\n","protected":false},"excerpt":{"rendered":"<p>Por: Redacci\u00f3n Tuzologia Termin\u00f3 la actividad de la Fecha FIFA y los jugadores convocados por parte de los Tuzos, est\u00e1n retornado a la universidad del<\/p>\n","protected":false},"author":1,"featured_media":1284,"comment_status":"open","ping_status":"open","sticky":false,"template":"","format":"standard","meta":{"_jetpack_memberships_contains_paid_content":false,"footnotes":""},"categories":[11],"tags":[],"class_list":["post-1283","post","type-post","status-publish","format-standard","has-post-thumbnail","hentry","category-tuzos-en-seleccion"],"jetpack_sharing_enabled":true,"jetpack_featured_media_url":"http:\/\/www.tuzologia.net\/wp-content\/uploads\/2025\/03\/once.jpg","_links":{"self":[{"href":"http:\/\/www.tuzologia.net\/index.php?rest_route=\/wp\/v2\/posts\/1283","targetHints":{"allow":["GET"]}}],"collection":[{"href":"http:\/\/www.tuzologia.net\/index.php?rest_route=\/wp\/v2\/posts"}],"about":[{"href":"http:\/\/www.tuzologia.net\/index.php?rest_route=\/wp\/v2\/types\/post"}],"author":[{"embeddable":true,"href":"http:\/\/www.tuzologia.net\/index.php?rest_route=\/wp\/v2\/users\/1"}],"replies":[{"embeddable":true,"href":"http:\/\/www.tuzologia.net\/index.php?rest_route=%2Fwp%2Fv2%2Fcomments&post=1283"}],"version-history":[{"count":1,"href":"http:\/\/www.tuzologia.net\/index.php?rest_route=\/wp\/v2\/posts\/1283\/revisions"}],"predecessor-version":[{"id":1285,"href":"http:\/\/www.tuzologia.net\/index.php?rest_route=\/wp\/v2\/posts\/1283\/revisions\/1285"}],"wp:featuredmedia":[{"embeddable":true,"href":"http:\/\/www.tuzologia.net\/index.php?rest_route=\/wp\/v2\/media\/1284"}],"wp:attachment":[{"href":"http:\/\/www.tuzologia.net\/index.php?rest_route=%2Fwp%2Fv2%2Fmedia&parent=1283"}],"wp:term":[{"taxonomy":"category","embeddable":true,"href":"http:\/\/www.tuzologia.net\/index.php?rest_route=%2Fwp%2Fv2%2Fcategories&post=1283"},{"taxonomy":"post_tag","embeddable":true,"href":"http:\/\/www.tuzologia.net\/index.php?rest_route=%2Fwp%2Fv2%2Ftags&post=1283"}],"curies":[{"name":"wp","href":"https:\/\/api.w.org\/{rel}","templated":true}]}}