{"id":1185,"date":"2025-01-23T21:43:44","date_gmt":"2025-01-23T21:43:44","guid":{"rendered":"http:\/\/www.tuzologia.net\/?p=1185"},"modified":"2025-01-23T21:43:45","modified_gmt":"2025-01-23T21:43:45","slug":"eduardo-lopez-estoy-enamorado-de-pachuca","status":"publish","type":"post","link":"http:\/\/www.tuzologia.net\/?p=1185","title":{"rendered":"Eduardo L\u00f3pez: \u00abEstoy enamorado de Pachuca\u00bb"},"content":{"rendered":"<p>Por: Redacci\u00f3n Tuzologia<\/p>\n<blockquote class=\"twitter-tweet\" data-media-max-width=\"560\">\n<p lang=\"es\" dir=\"ltr\">\ud83d\udd19 | Las palabras de la Chofis L\u00f3pez tras el debut ganador del equipo en el Hurac\u00e1n.<a href=\"https:\/\/twitter.com\/hashtag\/PachucaSomosTodos?src=hash&amp;ref_src=twsrc%5Etfw\">#PachucaSomosTodos<\/a>\ud83e\udd0d\ud83d\udc99 | <a href=\"https:\/\/twitter.com\/hashtag\/PACSan?src=hash&amp;ref_src=twsrc%5Etfw\">#PACSan<\/a> <a href=\"https:\/\/t.co\/NZy4ijGrFB\">pic.twitter.com\/NZy4ijGrFB<\/a><\/p>\n<p>&mdash; Club Pachuca (@Tuzos) <a href=\"https:\/\/twitter.com\/Tuzos\/status\/1882249392423354614?ref_src=twsrc%5Etfw\">January 23, 2025<\/a><\/p><\/blockquote>\n<p> <script async src=\"https:\/\/platform.twitter.com\/widgets.js\" charset=\"utf-8\"><\/script><\/p>\n<p>Luego de la victoria conseguida frente al Santos Laguna, Javier Eduardo L\u00f3pez agradeci\u00f3 el cari\u00f1o de la gente en los micr\u00f3fonos del Club Pachuca, siendo entrevistado por el periodista hidalguense Nah\u00fam Olvera. El casaca \u201819\u2019 mostr\u00f3 su satisfacci\u00f3n por volverse a enfundar en la camiseta blanquiazul en un encuentro de Liga MX. <\/p>\n<p>L\u00f3pez Ram\u00edrez ingres\u00f3 de cambio al 67 en lugar de John Kennedy, luego de que la afici\u00f3n que se hizo presente en gran cantidad en el Hidalgo ovacionara su nombre pidiendo su entrada al campo, el mediocampista mexicano se\u00f1al\u00f3 que es motivante recibir este respaldo por parte de la afici\u00f3n. \u201cFue lo m\u00e1s importante, empezar as\u00ed vamos a seguir prepar\u00e1ndonos y darle con todo. Gracias a toda la gente. Hay que seguir as\u00ed apoyando y cuando nosotros no podamos, esto nos va a motivar\u201d.<\/p>\n<p>En esa misma l\u00ednea, el futbolista nacido en Torre\u00f3n Coahuila, revel\u00f3 sentirse encantado de vivir en Pachuca.  \u201cDesde que llegu\u00e9 estoy enamorado de Pachuca, quiero estar aqu\u00ed, me gusta la ciudad, me gusta la afici\u00f3n, por eso me he preparado bien para poder darles alegr\u00eda a la gente\u201d, agreg\u00f3. <\/p>\n<p>Por \u00faltimo, sobre el compromiso de Liga MX, la \u2018Chofis\u2019 reconoci\u00f3 que fue una buena manera de arrancar el torneo y espera que el equipo logre mantenerse en la senda del triunfo. \u201cBien, muy motivado y contento por los tres puntos, es importante empezar con el pie derecho, as\u00ed que vamos a seguir trabajando para estar mucho mejor, concluy\u00f3. <\/p>\n","protected":false},"excerpt":{"rendered":"<p>Por: Redacci\u00f3n Tuzologia \ud83d\udd19 | Las palabras de la Chofis L\u00f3pez tras el debut ganador del equipo en el Hurac\u00e1n.#PachucaSomosTodos\ud83e\udd0d\ud83d\udc99 | #PACSan pic.twitter.com\/NZy4ijGrFB &mdash; Club<\/p>\n","protected":false},"author":1,"featured_media":1187,"comment_status":"open","ping_status":"open","sticky":false,"template":"","format":"standard","meta":{"_jetpack_memberships_contains_paid_content":false,"footnotes":""},"categories":[1],"tags":[],"class_list":["post-1185","post","type-post","status-publish","format-standard","has-post-thumbnail","hentry","category-uncategorized"],"jetpack_sharing_enabled":true,"jetpack_featured_media_url":"http:\/\/www.tuzologia.net\/wp-content\/uploads\/2025\/01\/chofis.jpg","_links":{"self":[{"href":"http:\/\/www.tuzologia.net\/index.php?rest_route=\/wp\/v2\/posts\/1185","targetHints":{"allow":["GET"]}}],"collection":[{"href":"http:\/\/www.tuzologia.net\/index.php?rest_route=\/wp\/v2\/posts"}],"about":[{"href":"http:\/\/www.tuzologia.net\/index.php?rest_route=\/wp\/v2\/types\/post"}],"author":[{"embeddable":true,"href":"http:\/\/www.tuzologia.net\/index.php?rest_route=\/wp\/v2\/users\/1"}],"replies":[{"embeddable":true,"href":"http:\/\/www.tuzologia.net\/index.php?rest_route=%2Fwp%2Fv2%2Fcomments&post=1185"}],"version-history":[{"count":1,"href":"http:\/\/www.tuzologia.net\/index.php?rest_route=\/wp\/v2\/posts\/1185\/revisions"}],"predecessor-version":[{"id":1188,"href":"http:\/\/www.tuzologia.net\/index.php?rest_route=\/wp\/v2\/posts\/1185\/revisions\/1188"}],"wp:featuredmedia":[{"embeddable":true,"href":"http:\/\/www.tuzologia.net\/index.php?rest_route=\/wp\/v2\/media\/1187"}],"wp:attachment":[{"href":"http:\/\/www.tuzologia.net\/index.php?rest_route=%2Fwp%2Fv2%2Fmedia&parent=1185"}],"wp:term":[{"taxonomy":"category","embeddable":true,"href":"http:\/\/www.tuzologia.net\/index.php?rest_route=%2Fwp%2Fv2%2Fcategories&post=1185"},{"taxonomy":"post_tag","embeddable":true,"href":"http:\/\/www.tuzologia.net\/index.php?rest_route=%2Fwp%2Fv2%2Ftags&post=1185"}],"curies":[{"name":"wp","href":"https:\/\/api.w.org\/{rel}","templated":true}]}}