{"id":1161,"date":"2025-01-15T00:47:00","date_gmt":"2025-01-15T00:47:00","guid":{"rendered":"http:\/\/www.tuzologia.net\/?p=1161"},"modified":"2025-01-15T00:47:40","modified_gmt":"2025-01-15T00:47:40","slug":"elias-montiel-motivado-por-su-llamado-al-tri","status":"publish","type":"post","link":"http:\/\/www.tuzologia.net\/?p=1161","title":{"rendered":"El\u00edas Montiel, motivado por su llamado al Tri"},"content":{"rendered":"<p>Por: Redacci\u00f3n Tuzologia<br \/>\n<iframe loading=\"lazy\" src=\"https:\/\/www.facebook.com\/plugins\/video.php?height=314&#038;href=https%3A%2F%2Fwww.facebook.com%2FMiSeleccionMX%2Fvideos%2F963116772393980%2F&#038;show_text=false&#038;width=560&#038;t=0\" width=\"560\" height=\"314\" style=\"border:none;overflow:hidden\" scrolling=\"no\" frameborder=\"0\" allowfullscreen=\"true\" allow=\"autoplay; clipboard-write; encrypted-media; picture-in-picture; web-share\" allowFullScreen=\"true\"><\/iframe><br \/>\nLa temporada 2024-25 ha sido un parteaguas en la carrera de El\u00edas Montiel. El canterano de los Tuzos vivi\u00f3 su consolidaci\u00f3n, se convirti\u00f3 en figura durante la Copa Intercontinental y finalmente recibi\u00f3 su primera convocatoria a selecci\u00f3n mayor en el arranque del a\u00f1o.  El canterano blanquiazul comparti\u00f3 sus puntos de vista en entrevista con el equipo de prensa de la Selecci\u00f3n Nacional.  <\/p>\n<p>Montiel, de 19 a\u00f1os de edad se mostr\u00f3 motivado por esta primera convocatoria, se\u00f1alando que ser\u00e1 un gran salto hacia adelante en su carrera. \u201cM\u00e1s que una presi\u00f3n, es una motivaci\u00f3n, saber que tenemos que demostrar y poner el nombre de M\u00e9xico en alto. Son escenarios que no vemos tan seguido en M\u00e9xico y te preparan para lo que venga en tu carrera\u201d, expres\u00f3. <\/p>\n<p>El jugador originario de Tula reconoci\u00f3 que todo lo que ha vivido ha sido muy especial para \u00e9l, y se siente contento por estar bajo el mando del cuerpo t\u00e9cnico del tricolor.  \u201cEs algo muy bonito para mi carrera, es algo con lo que siempre so\u00f1\u00e9 y es algo que estoy viviendo ahora, el momento es espectacular. Desde chiquito los ves y son unas figuras. Toparte con Javier, con Rafa, saludarlos y charlar con ellos es algo muy motivante. Te dan la confianza desde el llamado y tenemos que responder en la cancha\u201d, a\u00f1adi\u00f3. <\/p>\n<p>De igual manera, comparti\u00f3 su punto de vista sobre la actualidad que vive con Pachuca y como fue enfrentar al Real Madrid el pasado invierno. \u201cNo te lo puedo explicar, En el momento lo vives, y cuando sales y asimilas las cosas y son escenarios que no cualquier jugador pisa. Ayuda a darme cuenta que el futbolista mexicano puede competir all\u00e1 y pues salimos contentos. Uno o dos d\u00edas antes sabes que vas a jugar contra el Real Madrid y al final, no me import\u00f3 que fuera el Real Madrid, nom\u00e1s me dediqu\u00e9 a jugar\u201d, concluy\u00f3. <\/p>\n","protected":false},"excerpt":{"rendered":"<p>Por: Redacci\u00f3n Tuzologia La temporada 2024-25 ha sido un parteaguas en la carrera de El\u00edas Montiel. El canterano de los Tuzos vivi\u00f3 su consolidaci\u00f3n, se<\/p>\n","protected":false},"author":1,"featured_media":1162,"comment_status":"open","ping_status":"open","sticky":false,"template":"","format":"standard","meta":{"_jetpack_memberships_contains_paid_content":false,"footnotes":""},"categories":[4],"tags":[],"class_list":["post-1161","post","type-post","status-publish","format-standard","has-post-thumbnail","hentry","category-liga-mx"],"jetpack_sharing_enabled":true,"jetpack_featured_media_url":"http:\/\/www.tuzologia.net\/wp-content\/uploads\/2025\/01\/Elias-Montiel.jpg","_links":{"self":[{"href":"http:\/\/www.tuzologia.net\/index.php?rest_route=\/wp\/v2\/posts\/1161","targetHints":{"allow":["GET"]}}],"collection":[{"href":"http:\/\/www.tuzologia.net\/index.php?rest_route=\/wp\/v2\/posts"}],"about":[{"href":"http:\/\/www.tuzologia.net\/index.php?rest_route=\/wp\/v2\/types\/post"}],"author":[{"embeddable":true,"href":"http:\/\/www.tuzologia.net\/index.php?rest_route=\/wp\/v2\/users\/1"}],"replies":[{"embeddable":true,"href":"http:\/\/www.tuzologia.net\/index.php?rest_route=%2Fwp%2Fv2%2Fcomments&post=1161"}],"version-history":[{"count":2,"href":"http:\/\/www.tuzologia.net\/index.php?rest_route=\/wp\/v2\/posts\/1161\/revisions"}],"predecessor-version":[{"id":1164,"href":"http:\/\/www.tuzologia.net\/index.php?rest_route=\/wp\/v2\/posts\/1161\/revisions\/1164"}],"wp:featuredmedia":[{"embeddable":true,"href":"http:\/\/www.tuzologia.net\/index.php?rest_route=\/wp\/v2\/media\/1162"}],"wp:attachment":[{"href":"http:\/\/www.tuzologia.net\/index.php?rest_route=%2Fwp%2Fv2%2Fmedia&parent=1161"}],"wp:term":[{"taxonomy":"category","embeddable":true,"href":"http:\/\/www.tuzologia.net\/index.php?rest_route=%2Fwp%2Fv2%2Fcategories&post=1161"},{"taxonomy":"post_tag","embeddable":true,"href":"http:\/\/www.tuzologia.net\/index.php?rest_route=%2Fwp%2Fv2%2Ftags&post=1161"}],"curies":[{"name":"wp","href":"https:\/\/api.w.org\/{rel}","templated":true}]}}