{"id":116,"date":"2022-08-31T21:49:04","date_gmt":"2022-08-31T21:49:04","guid":{"rendered":"http:\/\/www.tuzologia.net\/?p=116"},"modified":"2022-08-31T21:49:04","modified_gmt":"2022-08-31T21:49:04","slug":"guzman-se-resigna-a-no-ser-convocado-al-tri","status":"publish","type":"post","link":"http:\/\/www.tuzologia.net\/?p=116","title":{"rendered":"Guzm\u00e1n se resigna a no ser convocado al Tri"},"content":{"rendered":"<p>Por: Redacci\u00f3n tuzologia<\/p>\n<p>Con el mundial a la vuelta de la esquina, pareciera que el mediocampista de los Tuzos, V\u00edctor Guzm\u00e1n ya se resign\u00f3 a no ser tomado en cuenta por el \u2018Tata\u2019 Martino. El futbolista del pachuca expres\u00f3 que ya se ha hecho a la idea luego de los magn\u00edficos n\u00fameros que mostr\u00f3 el torneo pasado.<br \/>\n\u201cNo me sorprendi\u00f3 no ver mi nombre, porque desde el principio y desde el torneo anterior se miraba que por m\u00e1s que uno est\u00e9 bien f\u00edsicamente y est\u00e9 marcando goles, poniendo asistencias, no iba a pasar. Se miraba una injusticia de que estuvieras en buen momento y no fuera convocado ni para amistosos. Lo \u00fanico que queda es trabajar y apoyar\u00bb &#8211; declar\u00f3.<br \/>\nEl futbolista que tiene m\u00e1s de 50 goles con Pachuca revel\u00f3 que Martino \u00fanicamente le dijo que no ten\u00eda intensidad suficiente, pero m\u00e1s all\u00e1 de eso, no le dio una mayor explicaci\u00f3n de su ausencia en las convocatorias. \u201cNo me explicaron nunca, nunca tuve una pl\u00e1tica. Eso fue en la primera convocatoria con \u00e9l, eso me dijo. \u00c9l es quien decide y uno hace lo que est\u00e9 al alcance para ser convocado, pero si el entrenador decide llamar a otros, solo queda apoyar\u201d<br \/>\nFinalmente  Guzm\u00e1n  le dese\u00f3 lo mejor a la selecci\u00f3n \u201cEstos partidos eran para demostrar, para darse a notar, pero vemos lo que sucede, no estoy y no est\u00e1 en nosotros. Si se ve un poco lejos (Qatar 2022), los compa\u00f1eros est\u00e1n en buen nivel y solo queda apoyar. Como todo buen mexicano desearles lo mejor\u201d<\/p>\n","protected":false},"excerpt":{"rendered":"<p>Por: Redacci\u00f3n tuzologia Con el mundial a la vuelta de la esquina, pareciera que el mediocampista de los Tuzos, V\u00edctor Guzm\u00e1n ya se resign\u00f3 a<\/p>\n","protected":false},"author":1,"featured_media":117,"comment_status":"open","ping_status":"open","sticky":false,"template":"","format":"standard","meta":{"_jetpack_memberships_contains_paid_content":false,"footnotes":""},"categories":[1],"tags":[],"class_list":["post-116","post","type-post","status-publish","format-standard","has-post-thumbnail","hentry","category-uncategorized"],"jetpack_sharing_enabled":true,"jetpack_featured_media_url":"http:\/\/www.tuzologia.net\/wp-content\/uploads\/2022\/08\/277FE69A-DC99-4F80-95C1-33349EECF89C.jpeg","_links":{"self":[{"href":"http:\/\/www.tuzologia.net\/index.php?rest_route=\/wp\/v2\/posts\/116","targetHints":{"allow":["GET"]}}],"collection":[{"href":"http:\/\/www.tuzologia.net\/index.php?rest_route=\/wp\/v2\/posts"}],"about":[{"href":"http:\/\/www.tuzologia.net\/index.php?rest_route=\/wp\/v2\/types\/post"}],"author":[{"embeddable":true,"href":"http:\/\/www.tuzologia.net\/index.php?rest_route=\/wp\/v2\/users\/1"}],"replies":[{"embeddable":true,"href":"http:\/\/www.tuzologia.net\/index.php?rest_route=%2Fwp%2Fv2%2Fcomments&post=116"}],"version-history":[{"count":1,"href":"http:\/\/www.tuzologia.net\/index.php?rest_route=\/wp\/v2\/posts\/116\/revisions"}],"predecessor-version":[{"id":118,"href":"http:\/\/www.tuzologia.net\/index.php?rest_route=\/wp\/v2\/posts\/116\/revisions\/118"}],"wp:featuredmedia":[{"embeddable":true,"href":"http:\/\/www.tuzologia.net\/index.php?rest_route=\/wp\/v2\/media\/117"}],"wp:attachment":[{"href":"http:\/\/www.tuzologia.net\/index.php?rest_route=%2Fwp%2Fv2%2Fmedia&parent=116"}],"wp:term":[{"taxonomy":"category","embeddable":true,"href":"http:\/\/www.tuzologia.net\/index.php?rest_route=%2Fwp%2Fv2%2Fcategories&post=116"},{"taxonomy":"post_tag","embeddable":true,"href":"http:\/\/www.tuzologia.net\/index.php?rest_route=%2Fwp%2Fv2%2Ftags&post=116"}],"curies":[{"name":"wp","href":"https:\/\/api.w.org\/{rel}","templated":true}]}}