{"id":1153,"date":"2025-01-09T03:14:59","date_gmt":"2025-01-09T03:14:59","guid":{"rendered":"http:\/\/www.tuzologia.net\/?p=1153"},"modified":"2025-01-09T03:15:01","modified_gmt":"2025-01-09T03:15:01","slug":"illian-hernandez-regresa-a-los-tuzos","status":"publish","type":"post","link":"http:\/\/www.tuzologia.net\/?p=1153","title":{"rendered":"Illian Hern\u00e1ndez regresa a los Tuzos"},"content":{"rendered":"<p>Por: Eduardo H. L\u00f3pez<\/p>\n<p>Este mi\u00e9rcoles fue un d\u00eda de regresos en la madriguera blanquiazul, adem\u00e1s del anuncio del retorno de Emilio Rodr\u00edguez, quien pas\u00f3 el \u00faltimo semestre cedido en el RC Celta, los Tuzos le dieron la bienvenida una vez m\u00e1s a Illian Hern\u00e1ndez, quien vuelve luego de un a\u00f1o defendiendo los colores del Am\u00e9rica. <\/p>\n<p>El delantero de 24 a\u00f1os viene de formar parte de 2 de los 3 t\u00edtulos de las \u00c1guilas del America donde no tuvo muchas oportunidades, pues \u00fanicamente sum\u00f3 520 minutos repartidos en 20 compromisos, donde ademas consigui\u00f3 anotar en una ocasi\u00f3n, frente al Santos Laguna en octubre de este a\u00f1o. <\/p>\n<blockquote class=\"twitter-tweet\">\n<p lang=\"es\" dir=\"ltr\">\u270d\ufe0f Pachuca contin\u00faa renovando al talento de la <a href=\"https:\/\/twitter.com\/MisticaPachuca?ref_src=twsrc%5Etfw\">@MisticaPachuca<\/a>. <\/p>\n<p>Ahora fue el turno de <a href=\"https:\/\/twitter.com\/IllianHernande2?ref_src=twsrc%5Etfw\">@IllianHernande2<\/a> y <a href=\"https:\/\/twitter.com\/Pedraza9943?ref_src=twsrc%5Etfw\">@Pedraza9943<\/a> quienes ampliaron sus respectivos v\u00ednculos con los Tuzos. <\/p>\n<p>Ambos reforzaron a la cantera blanquiazul, provenientes de <a href=\"https:\/\/twitter.com\/MinerosFc?ref_src=twsrc%5Etfw\">@MinerosFc<\/a> y ya han sumado minutos en 1a. <a href=\"https:\/\/t.co\/17Jlt8zIxL\">pic.twitter.com\/17Jlt8zIxL<\/a><\/p>\n<p>&mdash; \ud83e\udd48 \ud83c\udf0e SUBCAMPE\u00d3N MUNDIAL (@Tuzologia) <a href=\"https:\/\/twitter.com\/Tuzologia\/status\/1569829879079907330?ref_src=twsrc%5Etfw\">September 13, 2022<\/a><\/p><\/blockquote>\n<p> <script async src=\"https:\/\/platform.twitter.com\/widgets.js\" charset=\"utf-8\"><\/script><\/p>\n<p>Como blanquiazul, en su primera etapa, form\u00f3 parte de la plantilla que conquist\u00f3 el t\u00edtulo del Clausura 2022, acumulando un total de 49 encuentros en los que anot\u00f3 un total de 7 goles antes de marcharse cedido rumbo a Coapa, aunque cabe se\u00f1alar que previo a su incorporaci\u00f3n a la estructura de b\u00e1sicas del Pachuca, el delantero zacatecano vivi\u00f3 muy buenos momentos con el equipo de Mineros de Fresnillo, lo que le abri\u00f3 la puerta a sumarse a los Tuzos. <\/p>\n<p>Hern\u00e1ndez Vargas regresa a Pachuca con la dif\u00edcil tarea de sumar minutos en una plantilla que ha buscado potenciar su ataque con la incorporaci\u00f3n de John Kennedy, sumado al brillante presente goleador que vive Salom\u00f3n Rond\u00f3n, mientras que otros j\u00f3venes como Luis Puente y Sergio Aguayo, tambi\u00e9n buscar\u00e1n competir por esa cuota de minutos, adem\u00e1s cuenta con contrato hasta 2026<\/p>\n","protected":false},"excerpt":{"rendered":"<p>Por: Eduardo H. L\u00f3pez Este mi\u00e9rcoles fue un d\u00eda de regresos en la madriguera blanquiazul, adem\u00e1s del anuncio del retorno de Emilio Rodr\u00edguez, quien pas\u00f3<\/p>\n","protected":false},"author":1,"featured_media":1154,"comment_status":"open","ping_status":"open","sticky":false,"template":"","format":"standard","meta":{"_jetpack_memberships_contains_paid_content":false,"footnotes":""},"categories":[16,4],"tags":[],"class_list":["post-1153","post","type-post","status-publish","format-standard","has-post-thumbnail","hentry","category-fichajes","category-liga-mx"],"jetpack_sharing_enabled":true,"jetpack_featured_media_url":"http:\/\/www.tuzologia.net\/wp-content\/uploads\/2025\/01\/illian.jpg","_links":{"self":[{"href":"http:\/\/www.tuzologia.net\/index.php?rest_route=\/wp\/v2\/posts\/1153","targetHints":{"allow":["GET"]}}],"collection":[{"href":"http:\/\/www.tuzologia.net\/index.php?rest_route=\/wp\/v2\/posts"}],"about":[{"href":"http:\/\/www.tuzologia.net\/index.php?rest_route=\/wp\/v2\/types\/post"}],"author":[{"embeddable":true,"href":"http:\/\/www.tuzologia.net\/index.php?rest_route=\/wp\/v2\/users\/1"}],"replies":[{"embeddable":true,"href":"http:\/\/www.tuzologia.net\/index.php?rest_route=%2Fwp%2Fv2%2Fcomments&post=1153"}],"version-history":[{"count":1,"href":"http:\/\/www.tuzologia.net\/index.php?rest_route=\/wp\/v2\/posts\/1153\/revisions"}],"predecessor-version":[{"id":1155,"href":"http:\/\/www.tuzologia.net\/index.php?rest_route=\/wp\/v2\/posts\/1153\/revisions\/1155"}],"wp:featuredmedia":[{"embeddable":true,"href":"http:\/\/www.tuzologia.net\/index.php?rest_route=\/wp\/v2\/media\/1154"}],"wp:attachment":[{"href":"http:\/\/www.tuzologia.net\/index.php?rest_route=%2Fwp%2Fv2%2Fmedia&parent=1153"}],"wp:term":[{"taxonomy":"category","embeddable":true,"href":"http:\/\/www.tuzologia.net\/index.php?rest_route=%2Fwp%2Fv2%2Fcategories&post=1153"},{"taxonomy":"post_tag","embeddable":true,"href":"http:\/\/www.tuzologia.net\/index.php?rest_route=%2Fwp%2Fv2%2Ftags&post=1153"}],"curies":[{"name":"wp","href":"https:\/\/api.w.org\/{rel}","templated":true}]}}