{"id":1137,"date":"2024-12-27T18:58:37","date_gmt":"2024-12-27T18:58:37","guid":{"rendered":"http:\/\/www.tuzologia.net\/?p=1137"},"modified":"2024-12-27T18:58:39","modified_gmt":"2024-12-27T18:58:39","slug":"juan-jesus-brigido-es-nuevo-jugador-del-pachuca","status":"publish","type":"post","link":"http:\/\/www.tuzologia.net\/?p=1137","title":{"rendered":"Juan Jes\u00fas Br\u00edgido es nuevo jugador del Pachuca"},"content":{"rendered":"<p>Nota: Redacci\u00f3n Tuzologia<\/p>\n<blockquote class=\"twitter-tweet\">\n<p lang=\"es\" dir=\"ltr\">\ud83e\udd42 | Que sea un gran a\u00f1o vistiendo el blanco y azul de Pachuca:<\/p>\n<p>\u00a1Bienvenido a la Bella Airosa! \ud83d\udc4f\ud83c\udffc<a href=\"https:\/\/twitter.com\/hashtag\/PachucaSomosTodos?src=hash&amp;ref_src=twsrc%5Etfw\">#PachucaSomosTodos<\/a>\ud83e\udd0d\ud83d\udc99 <a href=\"https:\/\/t.co\/VCfYxZFKjl\">pic.twitter.com\/VCfYxZFKjl<\/a><\/p>\n<p>&mdash; Club Pachuca (@Tuzos) <a href=\"https:\/\/twitter.com\/Tuzos\/status\/1872707991193174383?ref_src=twsrc%5Etfw\">December 27, 2024<\/a><\/p><\/blockquote>\n<p> <script async src=\"https:\/\/platform.twitter.com\/widgets.js\" charset=\"utf-8\"><\/script><\/p>\n<p>La tarde de este viernes, los Tuzos hicieron oficial la llegada de Jes\u00fas Br\u00edgido quien regresa a la Liga MX luego de un a\u00f1o cedido en el San Antonio FC de la NASL estadounidense. Seg\u00fan trascendi\u00f3, el nuevo extremo blanquiazul llega en calidad de pr\u00e9stamo por un a\u00f1o desde Chivas. <\/p>\n<p>El nuevo futbolista del subcampe\u00f3n del mundo, fue anunciado este viernes alrededor del medio d\u00eda con un video en las redes sociales del club, donde el equipo le augur\u00f3 un buen a\u00f1o defendiendo ahora la casaca del conjunto decano del f\u00fatbol mexicano. <\/p>\n<blockquote class=\"twitter-tweet\">\n<p lang=\"es\" dir=\"ltr\">JES\u00daS. BR\u00cdGIDO. <\/p>\n<p>An immediate impact in his first match with us \ud83d\ude4c<a href=\"https:\/\/twitter.com\/hashtag\/Defend210?src=hash&amp;ref_src=twsrc%5Etfw\">#Defend210<\/a> | <a href=\"https:\/\/twitter.com\/hashtag\/SAvNC?src=hash&amp;ref_src=twsrc%5Etfw\">#SAvNC<\/a> | 1-0 <a href=\"https:\/\/t.co\/X8JZVQGwPs\">pic.twitter.com\/X8JZVQGwPs<\/a><\/p>\n<p>&mdash; San Antonio FC (@SanAntonioFC) <a href=\"https:\/\/twitter.com\/SanAntonioFC\/status\/1825002552217223546?ref_src=twsrc%5Etfw\">August 18, 2024<\/a><\/p><\/blockquote>\n<p> <script async src=\"https:\/\/platform.twitter.com\/widgets.js\" charset=\"utf-8\"><\/script><\/p>\n<p>En cuanto a su trayectoria, Br\u00edgido comenz\u00f3 a despuntar hace un par de a\u00f1os con la escuadra del Tapat\u00edo en la Liga de Expansi\u00f3n, donde tuvo 55 participaciones y convirti\u00f3 un total de 7 goles en total, llamando la atenci\u00f3n de Veljko Paunovic, quien lo debut\u00f3 en el m\u00e1ximo circuito en agosto de 2023 enfrentando al Le\u00f3n. <\/p>\n<p>Luego de su debut, Br\u00edgido se mantuvo alternando entre el primer equipo de Le\u00f3n, Tapat\u00edo y las categor\u00edas menores del conjunto tapat\u00edo aunque si logr\u00f3 acumular 11 partidos con el equipo rojiblanco y llegando a marcar su primer gol en el m\u00e1ximo circuito, sin embargo para el Clausura 2024 y con la salida de Paunovic, fue relegado del primer equipo. <\/p>\n<p>Para el segundo semestre de este a\u00f1o, Br\u00edgido se march\u00f3 cedido al San Antonio FC de la NASL donde anot\u00f3 en su debut, y tuvo actividad en 7 de 12 encuentros posibles, concluyendo su aventura con la escuadra texana el pasado mes de octubre, antes de empezar a considerar nuevos horizontes. <\/p>\n<p>Ahora para 2025, la directiva del Pachuca ha volteado su confianza en \u00e9l buscando que logre finalmente afianzarse en el m\u00e1ximo circuito, y convirti\u00e9ndose en una alternativa como extremo izquierdo o derecho, fortaleciendo la competencia en el sector ofensivo blanquiazul. <\/p>\n<blockquote class=\"twitter-tweet\">\n<p lang=\"es\" dir=\"ltr\">\u00a1\u00a1\u00a1G\u26bd\u26bd\u26bdL!!!!<\/p>\n<p>\u00a1\u00a1Su primer tanto en el m\u00e1ximo circuito!! \ud83e\udd79 Jes\u00fas Br\u00edgido aument\u00f3 la ventaja Rojiblanca. <\/p>\n<p>\ud83d\udc10 2-0 \u26a1<a href=\"https:\/\/twitter.com\/hashtag\/LigaBBVAMX?src=hash&amp;ref_src=twsrc%5Etfw\">#LigaBBVAMX<\/a> | <a href=\"https:\/\/twitter.com\/hashtag\/Apertura2023?src=hash&amp;ref_src=twsrc%5Etfw\">#Apertura2023<\/a> | \ud83d\udcf9<a href=\"https:\/\/twitter.com\/hashtag\/NoTeLoPierdas?src=hash&amp;ref_src=twsrc%5Etfw\">#NoTeLoPierdas<\/a> <a href=\"https:\/\/t.co\/nvJPKwl36E\">pic.twitter.com\/nvJPKwl36E<\/a><\/p>\n<p>&mdash; Liga BBVA MX (@LigaBBVAMX) <a href=\"https:\/\/twitter.com\/LigaBBVAMX\/status\/1679715643690721281?ref_src=twsrc%5Etfw\">July 14, 2023<\/a><\/p><\/blockquote>\n<p> <script async src=\"https:\/\/platform.twitter.com\/widgets.js\" charset=\"utf-8\"><\/script><br \/>\n\u00a1Bienvenido a la cuna del f\u00fatbol mexicano Juan Jes\u00fas Br\u00edgido Chen! <\/p>\n","protected":false},"excerpt":{"rendered":"<p>Nota: Redacci\u00f3n Tuzologia \ud83e\udd42 | Que sea un gran a\u00f1o vistiendo el blanco y azul de Pachuca: \u00a1Bienvenido a la Bella Airosa! \ud83d\udc4f\ud83c\udffc#PachucaSomosTodos\ud83e\udd0d\ud83d\udc99 pic.twitter.com\/VCfYxZFKjl &mdash;<\/p>\n","protected":false},"author":1,"featured_media":1138,"comment_status":"open","ping_status":"open","sticky":false,"template":"","format":"standard","meta":{"_jetpack_memberships_contains_paid_content":false,"footnotes":""},"categories":[16,4],"tags":[],"class_list":["post-1137","post","type-post","status-publish","format-standard","has-post-thumbnail","hentry","category-fichajes","category-liga-mx"],"jetpack_sharing_enabled":true,"jetpack_featured_media_url":"http:\/\/www.tuzologia.net\/wp-content\/uploads\/2024\/12\/brig.jpg","_links":{"self":[{"href":"http:\/\/www.tuzologia.net\/index.php?rest_route=\/wp\/v2\/posts\/1137","targetHints":{"allow":["GET"]}}],"collection":[{"href":"http:\/\/www.tuzologia.net\/index.php?rest_route=\/wp\/v2\/posts"}],"about":[{"href":"http:\/\/www.tuzologia.net\/index.php?rest_route=\/wp\/v2\/types\/post"}],"author":[{"embeddable":true,"href":"http:\/\/www.tuzologia.net\/index.php?rest_route=\/wp\/v2\/users\/1"}],"replies":[{"embeddable":true,"href":"http:\/\/www.tuzologia.net\/index.php?rest_route=%2Fwp%2Fv2%2Fcomments&post=1137"}],"version-history":[{"count":1,"href":"http:\/\/www.tuzologia.net\/index.php?rest_route=\/wp\/v2\/posts\/1137\/revisions"}],"predecessor-version":[{"id":1139,"href":"http:\/\/www.tuzologia.net\/index.php?rest_route=\/wp\/v2\/posts\/1137\/revisions\/1139"}],"wp:featuredmedia":[{"embeddable":true,"href":"http:\/\/www.tuzologia.net\/index.php?rest_route=\/wp\/v2\/media\/1138"}],"wp:attachment":[{"href":"http:\/\/www.tuzologia.net\/index.php?rest_route=%2Fwp%2Fv2%2Fmedia&parent=1137"}],"wp:term":[{"taxonomy":"category","embeddable":true,"href":"http:\/\/www.tuzologia.net\/index.php?rest_route=%2Fwp%2Fv2%2Fcategories&post=1137"},{"taxonomy":"post_tag","embeddable":true,"href":"http:\/\/www.tuzologia.net\/index.php?rest_route=%2Fwp%2Fv2%2Ftags&post=1137"}],"curies":[{"name":"wp","href":"https:\/\/api.w.org\/{rel}","templated":true}]}}