{"id":1119,"date":"2024-12-03T22:33:25","date_gmt":"2024-12-03T22:33:25","guid":{"rendered":"http:\/\/www.tuzologia.net\/?p=1119"},"modified":"2024-12-03T22:33:26","modified_gmt":"2024-12-03T22:33:26","slug":"eduardo-bauermann-nuevo-refuerzo-tuzo","status":"publish","type":"post","link":"http:\/\/www.tuzologia.net\/?p=1119","title":{"rendered":"Eduardo Bauermann, nuevo refuerzo Tuzo"},"content":{"rendered":"<p>Por: Redacci\u00f3n Tuzologia<\/p>\n<p>Los Tuzos hicieron oficial la llegada del brasile\u00f1o Eduardo Bauermann como su primer fichaje de cara al Clausura 2025. El nuevo zaguero blanquiazul llega procedente del Everton de Vi\u00f1a del Mar luego de terminar su v\u00ednculo con el equipo chileno. <\/p>\n<p>Bauermann dur\u00f3 \u00fanicamente un semestre defendiendo la camiseta del oro y cielo, al cual lleg\u00f3 como jugador libre, llegando a disputar el 100% de los minutos en el torneo local en Chile, consiguiendo incluso marcar un gol en los 15 encuentros que disput\u00f3 en el torneo de liga mas otros tres en el torneo de Copa. <\/p>\n<p>Con 28 a\u00f1os de edad, Bauermann es un trotamundos del f\u00fatbol. Surgido de Internacional de Porto Alegre, el nuevo fichaje blanquiazul defendi\u00f3 la casaca del equipo Ga\u00facho entre 2014 y 2019 cuando termin\u00f3 su contrato, aunque en esa etapa vivi\u00f3 cesiones al Na\u00fatico, Atl\u00e9tico-GO y Figueirense para finalmente marcharse al Paran\u00e1, antes de recalar en el Am\u00e9rica-MG y en el Santos de Brasil. <\/p>\n<p>En 2023 vivi\u00f3 su primera experiencia fuera de su pa\u00eds, fichando por el Alanyaspor de Turqu\u00eda, lamentablemente un esc\u00e1ndalo donde se vio involucrado con apuestas en Brasil, trunc\u00f3 su carrera por un a\u00f1o, parando hasta el verano del 2024. <\/p>\n<p>En ese mercado, recibe una nueva oportunidad al firmar por el Everton por 6 meses, consagr\u00e1ndose como uno de los mejores jugadores defensivos del campeonato chileno, raz\u00f3n por la cual la directiva del grupo Pachuca le da una nueva oportunidad en M\u00e9xico. <\/p>\n<p>Es importante se\u00f1alar que Bauermann no estar\u00e1 disponible para la Copa Intercontinetal, por lo que su debut seguramente ser\u00e1 hasta el pr\u00f3ximo campeonato local. <\/p>\n<p><iframe id=\"sofa-player-embed-358530\" src=\"https:\/\/widgets.sofascore.com\/embed\/player\/358530?widgetTheme=light\" style=height:737px!important;max-width:730px!important;width:100%!important;\n      frameborder=\"0\" scrolling=\"no\"><\/iframe><\/p>\n","protected":false},"excerpt":{"rendered":"<p>Por: Redacci\u00f3n Tuzologia Los Tuzos hicieron oficial la llegada del brasile\u00f1o Eduardo Bauermann como su primer fichaje de cara al Clausura 2025. El nuevo zaguero<\/p>\n","protected":false},"author":1,"featured_media":1120,"comment_status":"open","ping_status":"open","sticky":false,"template":"","format":"standard","meta":{"_jetpack_memberships_contains_paid_content":false,"footnotes":""},"categories":[4],"tags":[],"class_list":["post-1119","post","type-post","status-publish","format-standard","has-post-thumbnail","hentry","category-liga-mx"],"jetpack_sharing_enabled":true,"jetpack_featured_media_url":"http:\/\/www.tuzologia.net\/wp-content\/uploads\/2024\/12\/bauer.jpg","_links":{"self":[{"href":"http:\/\/www.tuzologia.net\/index.php?rest_route=\/wp\/v2\/posts\/1119","targetHints":{"allow":["GET"]}}],"collection":[{"href":"http:\/\/www.tuzologia.net\/index.php?rest_route=\/wp\/v2\/posts"}],"about":[{"href":"http:\/\/www.tuzologia.net\/index.php?rest_route=\/wp\/v2\/types\/post"}],"author":[{"embeddable":true,"href":"http:\/\/www.tuzologia.net\/index.php?rest_route=\/wp\/v2\/users\/1"}],"replies":[{"embeddable":true,"href":"http:\/\/www.tuzologia.net\/index.php?rest_route=%2Fwp%2Fv2%2Fcomments&post=1119"}],"version-history":[{"count":1,"href":"http:\/\/www.tuzologia.net\/index.php?rest_route=\/wp\/v2\/posts\/1119\/revisions"}],"predecessor-version":[{"id":1121,"href":"http:\/\/www.tuzologia.net\/index.php?rest_route=\/wp\/v2\/posts\/1119\/revisions\/1121"}],"wp:featuredmedia":[{"embeddable":true,"href":"http:\/\/www.tuzologia.net\/index.php?rest_route=\/wp\/v2\/media\/1120"}],"wp:attachment":[{"href":"http:\/\/www.tuzologia.net\/index.php?rest_route=%2Fwp%2Fv2%2Fmedia&parent=1119"}],"wp:term":[{"taxonomy":"category","embeddable":true,"href":"http:\/\/www.tuzologia.net\/index.php?rest_route=%2Fwp%2Fv2%2Fcategories&post=1119"},{"taxonomy":"post_tag","embeddable":true,"href":"http:\/\/www.tuzologia.net\/index.php?rest_route=%2Fwp%2Fv2%2Ftags&post=1119"}],"curies":[{"name":"wp","href":"https:\/\/api.w.org\/{rel}","templated":true}]}}