{"id":1108,"date":"2024-11-12T23:04:23","date_gmt":"2024-11-12T23:04:23","guid":{"rendered":"http:\/\/www.tuzologia.net\/?p=1108"},"modified":"2024-11-12T23:04:44","modified_gmt":"2024-11-12T23:04:44","slug":"4-tuzos-tendran-actividad-en-esta-fecha-fifa","status":"publish","type":"post","link":"http:\/\/www.tuzologia.net\/?p=1108","title":{"rendered":"4 Tuzos tendr\u00e1n actividad en esta Fecha FIFA"},"content":{"rendered":"<p>Por: Eduardo H. <\/p>\n<p>Una vez concluido el torneo Apertura 2024, los Tuzos rompieron filas por 4 d\u00edas para posteriormente enfocarse en su preparaci\u00f3n rumbo a la Copa Intercontinental, con la excepci\u00f3n de 4 futbolistas que concentrar\u00e1n con las distintas selecciones nacionales en la fecha FIFA que se disputa esta semana. <\/p>\n<p>Dos de ellos tendr\u00e1n actividad en eliminatorias sudamericanas, mientras que otros dos se concentrar\u00e1n con la Selecci\u00f3n mexicana sub-20, a continuaci\u00f3n repasaremos la actividad que tendr\u00e1n Salom\u00f3n Rond\u00f3n, \u00c1ngel Mena, Alexei Dom\u00ednguez y El\u00edas Montiel en los pr\u00f3ximos d\u00edas. <\/p>\n<p>El primero que entra en acci\u00f3n es el venezolano Salom\u00f3n Rond\u00f3n que liderar\u00e1 a Venezuela el pr\u00f3ximo jueves en el monumental de Matur\u00edn para enfrentar a Brasil en punto de las 3 de la tarde, tiempo de M\u00e9xico y posteriormente visitar\u00e1n el martes a la Selecci\u00f3n chilena en punto de las 7:00 pm. <\/p>\n<p>Por su parte \u00c1ngel Mena recibir\u00e1 un homenaje el mismo jueves en el que ser\u00e1 su \u00faltimo partido como jugador de la selecci\u00f3n ecuatoriana. En dicho cotejo la Tri enfrentar\u00e1 a Bolivia en punto de las 6:oo pm en el Estadio Monumental de Quito, por su parte, el combinado ecuatoriano cerrar\u00e1 su actividad el pr\u00f3ximo martes visitando a Colombia. <\/p>\n<p>Finalmente tanto Alexei como El\u00edas ya han concentrado con la selecci\u00f3n sub-20 bajo las \u00f3rdenes de Eduardo Arce. El combinado nacional se sigue preparando para el mundial de la categor\u00eda en Chile el pr\u00f3ximo a\u00f1o.  El tri enfrentar\u00e1 a Venezuela este mi\u00e9rcoles a las 12:30 hrs y luego se medir\u00e1n a Jap\u00f3n el pr\u00f3ximo s\u00e1bado en punto de las 10:00 hrs. <\/p>\n","protected":false},"excerpt":{"rendered":"<p>Por: Eduardo H. Una vez concluido el torneo Apertura 2024, los Tuzos rompieron filas por 4 d\u00edas para posteriormente enfocarse en su preparaci\u00f3n rumbo a<\/p>\n","protected":false},"author":1,"featured_media":1109,"comment_status":"open","ping_status":"open","sticky":false,"template":"","format":"standard","meta":{"_jetpack_memberships_contains_paid_content":false,"footnotes":""},"categories":[11],"tags":[],"class_list":["post-1108","post","type-post","status-publish","format-standard","has-post-thumbnail","hentry","category-tuzos-en-seleccion"],"jetpack_sharing_enabled":true,"jetpack_featured_media_url":"http:\/\/www.tuzologia.net\/wp-content\/uploads\/2024\/11\/Tuzos-en-sel.jpg","_links":{"self":[{"href":"http:\/\/www.tuzologia.net\/index.php?rest_route=\/wp\/v2\/posts\/1108","targetHints":{"allow":["GET"]}}],"collection":[{"href":"http:\/\/www.tuzologia.net\/index.php?rest_route=\/wp\/v2\/posts"}],"about":[{"href":"http:\/\/www.tuzologia.net\/index.php?rest_route=\/wp\/v2\/types\/post"}],"author":[{"embeddable":true,"href":"http:\/\/www.tuzologia.net\/index.php?rest_route=\/wp\/v2\/users\/1"}],"replies":[{"embeddable":true,"href":"http:\/\/www.tuzologia.net\/index.php?rest_route=%2Fwp%2Fv2%2Fcomments&post=1108"}],"version-history":[{"count":1,"href":"http:\/\/www.tuzologia.net\/index.php?rest_route=\/wp\/v2\/posts\/1108\/revisions"}],"predecessor-version":[{"id":1110,"href":"http:\/\/www.tuzologia.net\/index.php?rest_route=\/wp\/v2\/posts\/1108\/revisions\/1110"}],"wp:featuredmedia":[{"embeddable":true,"href":"http:\/\/www.tuzologia.net\/index.php?rest_route=\/wp\/v2\/media\/1109"}],"wp:attachment":[{"href":"http:\/\/www.tuzologia.net\/index.php?rest_route=%2Fwp%2Fv2%2Fmedia&parent=1108"}],"wp:term":[{"taxonomy":"category","embeddable":true,"href":"http:\/\/www.tuzologia.net\/index.php?rest_route=%2Fwp%2Fv2%2Fcategories&post=1108"},{"taxonomy":"post_tag","embeddable":true,"href":"http:\/\/www.tuzologia.net\/index.php?rest_route=%2Fwp%2Fv2%2Ftags&post=1108"}],"curies":[{"name":"wp","href":"https:\/\/api.w.org\/{rel}","templated":true}]}}