{"id":1049,"date":"2024-09-24T18:18:06","date_gmt":"2024-09-24T18:18:06","guid":{"rendered":"http:\/\/www.tuzologia.net\/?p=1049"},"modified":"2024-09-24T18:18:08","modified_gmt":"2024-09-24T18:18:08","slug":"guillermo-almada-todos-somos-vendibles","status":"publish","type":"post","link":"http:\/\/www.tuzologia.net\/?p=1049","title":{"rendered":"Guillermo Almada: \u201cTodos somos vendibles\u201d"},"content":{"rendered":"<p>Por: Redacci\u00f3n Tuzologia<br \/>\nImagen: Propia<\/p>\n<p>En charla con los micr\u00f3fonos de Fox Sports, el profesor Almada comparti\u00f3 algunos puntos de vista de cara a la pr\u00f3xima Copa Intercontinental, torneo donde los Tuzos estar\u00e1n representando al f\u00fatbol de Norteam\u00e9rica como campeones de CONCACAF. El estratega uruguayo revel\u00f3 que uno de los objetivos que tiene el equipo por cumplir, es el de alcanzar el m\u00e1ximo rendimiento en la parte final del torneo. \u201cConfiamos mucho en el futbolista. La idea es encontrar el pico de rendimiento m\u00e1s en el cierre de temporada porque nosotros vamos a jugar la Intercontinental\u201d, revel\u00f3.<br \/>\nEl estratega blanquiazul, fue claro al se\u00f1alar que para dicho certamen contar\u00e1 con la actual plantilla que tiene el equipo, a pesar de que en un club como Pachuca, cualquier elemento es susceptible de ser transferido a otro club, sobre todo jugadores como Oussama Idrissi, Salom\u00f3n Rond\u00f3n o Nelson Deossa, quienes son jugadores estelares en la Liga MX. \u201cEn Pachuca somos todos vendibles. Pero ellos son jugadores que han hecho un camino muy importante, ahora vamos a la intercontinental y vienen en un camino ascendente, declar\u00f3.<br \/>\nEn esa misma l\u00ednea, el estratega blanquiazul, elogi\u00f3 al delantero venezolano, quien siempre est\u00e1 dispuesto a brindarse con el equipo, \u201cSalom\u00f3n trae encima una carga de partidos monstruosa, no ha hecho pretemporada con nosotros y ha sumado una cantidad de partidos de admiraci\u00f3n, porque es un gran profesional, pero sigue siendo humano. Muchas veces nosotros tenemos que administrar esos minutos para no perderlo por mucho tiempo\u201d, agreg\u00f3.<br \/>\nPor \u00faltimo, sobre el presente que vive el equipo, el Profesor Almada reconoci\u00f3 que el Apertura no ha sido sencillo para su equipo, por distintas situaciones que afectaron al equipo durante los primeros partidos. \u201cSab\u00edamos que iba a ser un semestre complicado por distintas circunstancias. Muchos jugadores en distintas selecciones, en la Sub-23 y en la Sub-20 (tambi\u00e9n). Alrededor de 12 o 13 jugadores no pudieron hacer el acondicionamiento f\u00edsico, no tuvieron pretemporada porque fue un periodo corto, terminando tarde por la Concachampions, pr\u00e1cticamente no tuvimos periodo vacacional y el acondicionamiento que hicimos, much\u00edsimos jugadores se lo perdieron\u201d, confes\u00f3.<\/p>\n","protected":false},"excerpt":{"rendered":"<p>Por: Redacci\u00f3n Tuzologia Imagen: Propia En charla con los micr\u00f3fonos de Fox Sports, el profesor Almada comparti\u00f3 algunos puntos de vista de cara a la<\/p>\n","protected":false},"author":1,"featured_media":943,"comment_status":"open","ping_status":"open","sticky":false,"template":"","format":"standard","meta":{"_jetpack_memberships_contains_paid_content":false,"footnotes":""},"categories":[5],"tags":[],"class_list":["post-1049","post","type-post","status-publish","format-standard","has-post-thumbnail","hentry","category-guillermo-almada"],"jetpack_sharing_enabled":true,"jetpack_featured_media_url":"http:\/\/www.tuzologia.net\/wp-content\/uploads\/2024\/07\/almadaa.jpg","_links":{"self":[{"href":"http:\/\/www.tuzologia.net\/index.php?rest_route=\/wp\/v2\/posts\/1049","targetHints":{"allow":["GET"]}}],"collection":[{"href":"http:\/\/www.tuzologia.net\/index.php?rest_route=\/wp\/v2\/posts"}],"about":[{"href":"http:\/\/www.tuzologia.net\/index.php?rest_route=\/wp\/v2\/types\/post"}],"author":[{"embeddable":true,"href":"http:\/\/www.tuzologia.net\/index.php?rest_route=\/wp\/v2\/users\/1"}],"replies":[{"embeddable":true,"href":"http:\/\/www.tuzologia.net\/index.php?rest_route=%2Fwp%2Fv2%2Fcomments&post=1049"}],"version-history":[{"count":1,"href":"http:\/\/www.tuzologia.net\/index.php?rest_route=\/wp\/v2\/posts\/1049\/revisions"}],"predecessor-version":[{"id":1050,"href":"http:\/\/www.tuzologia.net\/index.php?rest_route=\/wp\/v2\/posts\/1049\/revisions\/1050"}],"wp:featuredmedia":[{"embeddable":true,"href":"http:\/\/www.tuzologia.net\/index.php?rest_route=\/wp\/v2\/media\/943"}],"wp:attachment":[{"href":"http:\/\/www.tuzologia.net\/index.php?rest_route=%2Fwp%2Fv2%2Fmedia&parent=1049"}],"wp:term":[{"taxonomy":"category","embeddable":true,"href":"http:\/\/www.tuzologia.net\/index.php?rest_route=%2Fwp%2Fv2%2Fcategories&post=1049"},{"taxonomy":"post_tag","embeddable":true,"href":"http:\/\/www.tuzologia.net\/index.php?rest_route=%2Fwp%2Fv2%2Ftags&post=1049"}],"curies":[{"name":"wp","href":"https:\/\/api.w.org\/{rel}","templated":true}]}}