{"id":1014,"date":"2024-09-05T15:38:02","date_gmt":"2024-09-05T15:38:02","guid":{"rendered":"http:\/\/www.tuzologia.net\/?p=1014"},"modified":"2024-09-05T16:01:16","modified_gmt":"2024-09-05T16:01:16","slug":"1014","status":"publish","type":"post","link":"http:\/\/www.tuzologia.net\/?p=1014","title":{"rendered":"4 Tuzos tendr\u00e1n actividad  con selecci\u00f3n"},"content":{"rendered":"<p>Por: Redacci\u00f3n Tuzologia<\/p>\n<blockquote class=\"twitter-tweet\">\n<p lang=\"es\" dir=\"ltr\">\ud835\udc12\ud835\udc04\ud835\udc0f\ud835\udc13\ud835\udc08\ud835\udc04\ud835\udc0c\ud835\udc01\ud835\udc11\ud835\udc04<a href=\"https:\/\/twitter.com\/hashtag\/SiempreVinotinto?src=hash&amp;ref_src=twsrc%5Etfw\">#SiempreVinotinto<\/a> \ud83c\uddfb\ud83c\uddea <a href=\"https:\/\/t.co\/ufxMvBSFoe\">pic.twitter.com\/ufxMvBSFoe<\/a><\/p>\n<p>&mdash; La Vinotinto (@SeleVinotinto) <a href=\"https:\/\/twitter.com\/SeleVinotinto\/status\/1811489017621262605?ref_src=twsrc%5Etfw\">July 11, 2024<\/a><\/p><\/blockquote>\n<p> <script async src=\"https:\/\/platform.twitter.com\/widgets.js\" charset=\"utf-8\"><\/script><\/p>\n<p>Lleg\u00f3 una nueva pausa de Fecha FIFA y con ella hay cuatro jugadores convocados del primer equipo a distintos tipos de compromisos con sus selecciones nacionales, Gael \u00c1lvarez, Jorge Berlanga, \u00c1ngel Mena y Salom\u00f3n Rond\u00f3n tendr\u00e1n actividad en este par\u00f3n de selecciones. <\/p>\n<p>Gael tendr\u00e1 actividad con la selecci\u00f3n sub-20, siendo tomado en cuenta para una gira por Brasil donde enfrentar\u00e1n a la Verde amarelha sub-20  en dos ocasiones, primero el 5 de septiembre y posteriormente el domingo 8.  Por su parte, Jorge Berlanga, forma parte de la selecci\u00f3n sub-23, quien ya entrena en el CAR bajo las \u00f3rdenes de Ricardo Cadena, para medirse a Panam\u00e1 en dos encuentros de preparaci\u00f3n, los cuales se llevar\u00e1n a cabo el viernes 6 de septiembre y el martes 10. <\/p>\n<p>Adem\u00e1s de ellos, contamos con dos jugadores que tendr\u00e1n actividad en las eliminatorias mundialistas rumbo a la Copa del Mundo 2026. El primero que entra en acci\u00f3n es Salom\u00f3n Rond\u00f3n, el capit\u00e1n de la \u2018vinotinto\u2019 guiar\u00e1 a su combinado nacional en los partidos ante Bolivia en La Paz y ante Uruguay en Venezuela buscando seguir sumando puntos en la clasificaci\u00f3n. Los compromisos se llevar\u00e1n a cabo el pr\u00f3ximo jueves y el martes respectivamente. <\/p>\n<p>Finalmente, el 10 blanquiazul, \u00c1ngel Mena tendr\u00e1 participaci\u00f3n en los compromisos de Ecuador en la misma eliminatoria. Mena y la Tri se medir\u00e1n ante Brasil fuera de casa y ante Per\u00fa en Quito el pr\u00f3ximo viernes y el martes. <\/p>\n<p>Por su parte, el resto de la plantilla trabajar\u00e1 estos d\u00edas bajo el mando del profe Almada buscando seguir creciendo en lo colectivo, pensando en la recta final del campeonato mexicano. <\/p>\n","protected":false},"excerpt":{"rendered":"<p>Por: Redacci\u00f3n Tuzologia \ud835\udc12\ud835\udc04\ud835\udc0f\ud835\udc13\ud835\udc08\ud835\udc04\ud835\udc0c\ud835\udc01\ud835\udc11\ud835\udc04#SiempreVinotinto \ud83c\uddfb\ud83c\uddea pic.twitter.com\/ufxMvBSFoe &mdash; La Vinotinto (@SeleVinotinto) July 11, 2024 Lleg\u00f3 una nueva pausa de Fecha FIFA y con ella hay cuatro<\/p>\n","protected":false},"author":1,"featured_media":1018,"comment_status":"open","ping_status":"open","sticky":false,"template":"","format":"standard","meta":{"_jetpack_memberships_contains_paid_content":false,"footnotes":""},"categories":[11],"tags":[],"class_list":["post-1014","post","type-post","status-publish","format-standard","has-post-thumbnail","hentry","category-tuzos-en-seleccion"],"jetpack_sharing_enabled":true,"jetpack_featured_media_url":"http:\/\/www.tuzologia.net\/wp-content\/uploads\/2024\/09\/tuzod.jpg","_links":{"self":[{"href":"http:\/\/www.tuzologia.net\/index.php?rest_route=\/wp\/v2\/posts\/1014","targetHints":{"allow":["GET"]}}],"collection":[{"href":"http:\/\/www.tuzologia.net\/index.php?rest_route=\/wp\/v2\/posts"}],"about":[{"href":"http:\/\/www.tuzologia.net\/index.php?rest_route=\/wp\/v2\/types\/post"}],"author":[{"embeddable":true,"href":"http:\/\/www.tuzologia.net\/index.php?rest_route=\/wp\/v2\/users\/1"}],"replies":[{"embeddable":true,"href":"http:\/\/www.tuzologia.net\/index.php?rest_route=%2Fwp%2Fv2%2Fcomments&post=1014"}],"version-history":[{"count":3,"href":"http:\/\/www.tuzologia.net\/index.php?rest_route=\/wp\/v2\/posts\/1014\/revisions"}],"predecessor-version":[{"id":1019,"href":"http:\/\/www.tuzologia.net\/index.php?rest_route=\/wp\/v2\/posts\/1014\/revisions\/1019"}],"wp:featuredmedia":[{"embeddable":true,"href":"http:\/\/www.tuzologia.net\/index.php?rest_route=\/wp\/v2\/media\/1018"}],"wp:attachment":[{"href":"http:\/\/www.tuzologia.net\/index.php?rest_route=%2Fwp%2Fv2%2Fmedia&parent=1014"}],"wp:term":[{"taxonomy":"category","embeddable":true,"href":"http:\/\/www.tuzologia.net\/index.php?rest_route=%2Fwp%2Fv2%2Fcategories&post=1014"},{"taxonomy":"post_tag","embeddable":true,"href":"http:\/\/www.tuzologia.net\/index.php?rest_route=%2Fwp%2Fv2%2Ftags&post=1014"}],"curies":[{"name":"wp","href":"https:\/\/api.w.org\/{rel}","templated":true}]}}